{"id":2240,"date":"2019-02-12T21:35:07","date_gmt":"2019-02-12T21:35:07","guid":{"rendered":"http:\/\/www.hwv-ammerbuch.de\/?p=2240"},"modified":"2019-03-02T22:15:29","modified_gmt":"2019-03-02T22:15:29","slug":"2240","status":"publish","type":"post","link":"https:\/\/www.hwv-ammerbuch.de\/?p=2240","title":{"rendered":""},"content":{"rendered":"<h2>Arbeitseins\u00e4tze<\/h2>\n<p>Am Samstag, 23.02.2019 treffen wir uns um 9:00 Uhr auf dem Palmberg bei den Garagen zu Vorbereitungsarbeiten f\u00fcr den PFC Umzug am Sonntag. Mit den Aufr\u00e4umungsarbeiten wollen wir am Montag, den 25.02.2019 um 15:00 Uhr beginnen. Auch dazu ist jede helfende Hand herzlich willkommen.<\/p>\n<h2>PFC Umzug am Sonntag 24.02.2019<\/h2>\n<p>Der Verpflegungsstand des Heimat- und Wandervereins steht traditionsgem\u00e4\u00df, wieder gegen\u00fcber dem Rathaus in Poltringen. Dort bieten wir Schupfnudeln mit Kraut, hei\u00dfe Rote sowie Bier, Gl\u00fchwein, Punsch alkoholfrei, Kaffee und Sekt an. Das Standpersonal ist ab 9:00 Uhr zur Vorbereitung eingeteilt. Wir bewirten ab 11:00 Uhr.<\/p>\n<h2>H\u00fcttenbewirtschaftung<\/h2>\n<p>Am Sonntag, 24.02.2019 ist die Palmbergh\u00fctte ab 14:00 Uhr ge\u00f6ffnet. Dort gibt es neben den \u00fcblichen Getr\u00e4nken, Kaffee und Kuchen.<\/p>\n<p style=\"text-align: right;\">Katrin Flaisch | Schriftf\u00fchrerin<\/p>\n","protected":false},"excerpt":{"rendered":"<p>Arbeitseins\u00e4tze Am Samstag, 23.02.2019 treffen wir uns um 9:00 Uhr auf dem Palmberg bei den Garagen zu Vorbereitungsarbeiten f\u00fcr den PFC Umzug am Sonntag. Mit den Aufr\u00e4umungsarbeiten wollen wir am Montag, den 25.02.2019 um 15:00 Uhr beginnen. Auch dazu ist jede helfende Hand herzlich willkommen. PFC Umzug am Sonntag 24.02.2019 Der Verpflegungsstand des Heimat- undContinue reading &rarr;<\/p>\n","protected":false},"author":1,"featured_media":0,"comment_status":"closed","ping_status":"closed","sticky":false,"template":"","format":"standard","meta":{"footnotes":""},"categories":[1],"tags":[],"class_list":["post-2240","post","type-post","status-publish","format-standard","hentry","category-aktuelles","no-thumb"],"_links":{"self":[{"href":"https:\/\/www.hwv-ammerbuch.de\/index.php?rest_route=\/wp\/v2\/posts\/2240","targetHints":{"allow":["GET"]}}],"collection":[{"href":"https:\/\/www.hwv-ammerbuch.de\/index.php?rest_route=\/wp\/v2\/posts"}],"about":[{"href":"https:\/\/www.hwv-ammerbuch.de\/index.php?rest_route=\/wp\/v2\/types\/post"}],"author":[{"embeddable":true,"href":"https:\/\/www.hwv-ammerbuch.de\/index.php?rest_route=\/wp\/v2\/users\/1"}],"replies":[{"embeddable":true,"href":"https:\/\/www.hwv-ammerbuch.de\/index.php?rest_route=%2Fwp%2Fv2%2Fcomments&post=2240"}],"version-history":[{"count":2,"href":"https:\/\/www.hwv-ammerbuch.de\/index.php?rest_route=\/wp\/v2\/posts\/2240\/revisions"}],"predecessor-version":[{"id":2244,"href":"https:\/\/www.hwv-ammerbuch.de\/index.php?rest_route=\/wp\/v2\/posts\/2240\/revisions\/2244"}],"wp:attachment":[{"href":"https:\/\/www.hwv-ammerbuch.de\/index.php?rest_route=%2Fwp%2Fv2%2Fmedia&parent=2240"}],"wp:term":[{"taxonomy":"category","embeddable":true,"href":"https:\/\/www.hwv-ammerbuch.de\/index.php?rest_route=%2Fwp%2Fv2%2Fcategories&post=2240"},{"taxonomy":"post_tag","embeddable":true,"href":"https:\/\/www.hwv-ammerbuch.de\/index.php?rest_route=%2Fwp%2Fv2%2Ftags&post=2240"}],"curies":[{"name":"wp","href":"https:\/\/api.w.org\/{rel}","templated":true}]}}