{"id":2234,"date":"2019-01-21T12:52:33","date_gmt":"2019-01-21T12:52:33","guid":{"rendered":"http:\/\/www.hwv-ammerbuch.de\/?p=2234"},"modified":"2023-02-04T20:33:56","modified_gmt":"2023-02-04T20:33:56","slug":"2234","status":"publish","type":"post","link":"https:\/\/www.hwv-ammerbuch.de\/?p=2234","title":{"rendered":""},"content":{"rendered":"<h2><strong>Einladung<\/strong><\/h2>\n<p>Das n\u00e4chste Treffen der &#8222;Arbeitsgemeinschaft Poltringer Heimatgeschichte&#8220; ist am\u00a0<strong>29.01.2019 um 20 Uhr in der Palmbergh\u00fctte<\/strong>. Wer bei ortsgeschichtlichen Themen aktiv mitarbeiten will, ist hierzu herzlich eingeladen. Die Arbeitsgemeinschaft freut sich immer \u00fcber das Beisteuern von Bildern und Geschichten.<\/p>\n<p><strong>Funde aus der Poltringer Ortsgeschichte \u2013 R\u00f6merschlacht am Pfaffenberg<br \/>\n<\/strong>Im Jahre 260 n. Chr. waren die R\u00f6mer gezwungen den Limes und unsere Region aufzugeben und sich auf die Rheingrenze zur\u00fcckzuziehen. Da es in der Folge aber immer wieder Angriffe auf das Reichsgebiet aus der Region gab, war man gezwungen immer wieder Straffeldz\u00fcge in das fr\u00fchere r\u00f6mische Gebiet zu f\u00fchren.<br \/>\n368 n. Chr., d.h. ca. 100 Jahre vor dem Ende des westr\u00f6mischen Reiches 476 n. Chr., gab es den letzten Heerzug der R\u00f6mer unter Kaiser Valentinian I. in das fr\u00fcher r\u00f6mische, nun alamannische Neckarland. Dieser Feldzug vom Hochrhein aus endete mit einem verlustreichen Sieg der R\u00f6mer bei Solicinium hier in der Region.<br \/>\nWo dies lag, ist bisher aber ungekl\u00e4rt. Es gibt hierzu eine ganze Liste an Thesen. Eine, eher aber lokal-patriotisch motivierte These lokalisierte 1877 den Schlachtort auf dem Pfaffenberg bzw. Spitzberg (aus \u201eDas Schloss Alt-Rotenburg oder die Weilerburg von Einst und Jetzt\u201c von Ludwig Schmidt von 1877, S. 76 bis 81) unter der Vermutung, dass Rottenburg \/ Sumelocenna \/ S\u00fclchen = Solicinium sei.<br \/>\nWahrscheinlicher ist allerdings die aktuellere These, dass der Ort bei Hechingen-Beuren zu verorten ist, wo es auch Berichte \u00fcber passende Funde und Sagen gibt und die Topografie stimmig mit den historischen Berichten der Schlacht ist (aus \u201eZeitschrift f\u00fcr Hohenzollerische Geschichte\u201c 26 (113) von Dr. H.D. Lehmann von 1990, S. 14 bis 22).<br \/>\nW\u00fcrde die These von Schmidt stimmen w\u00e4re der Hauptangriff der R\u00f6mer aus s\u00fcdlicher Richtung von Wurmlingen und Wendelsheim aus vorgetragen worden und die alamannische fl\u00fcchtende Armee dann in einen bei Poltringen liegenden r\u00f6mischen Hinterhalt getrieben worden. (Bildunterschrift:\u00a0<i>fiktive, eigene Darstellung)<br \/>\n<\/i>Wer hierzu vertiefende Informationen beitragen kann oder andere Geschichten als \u201eFundst\u00fccke\u201c beitragen m\u00f6chte, kann sich gerne bei unserer AG melden (heimatgeschichte \u00e4t hwv-ammerbuch punkt de).<\/p>\n<p style=\"text-align: right;\">F\u00fcr die AG \u201ePoltringer Heimatgeschichte\u201c, Boris Dieter<\/p>\n","protected":false},"excerpt":{"rendered":"<p>Einladung Das n\u00e4chste Treffen der &#8222;Arbeitsgemeinschaft Poltringer Heimatgeschichte&#8220; ist am\u00a029.01.2019 um 20 Uhr in der Palmbergh\u00fctte. Wer bei ortsgeschichtlichen Themen aktiv mitarbeiten will, ist hierzu herzlich eingeladen. Die Arbeitsgemeinschaft freut sich immer \u00fcber das Beisteuern von Bildern und Geschichten. Funde aus der Poltringer Ortsgeschichte \u2013 R\u00f6merschlacht am Pfaffenberg Im Jahre 260 n. Chr. waren dieContinue reading &rarr;<\/p>\n","protected":false},"author":1,"featured_media":0,"comment_status":"closed","ping_status":"closed","sticky":false,"template":"","format":"standard","meta":{"footnotes":""},"categories":[12],"tags":[],"class_list":["post-2234","post","type-post","status-publish","format-standard","hentry","category-poltringer-heimatgeschichte","no-thumb"],"_links":{"self":[{"href":"https:\/\/www.hwv-ammerbuch.de\/index.php?rest_route=\/wp\/v2\/posts\/2234","targetHints":{"allow":["GET"]}}],"collection":[{"href":"https:\/\/www.hwv-ammerbuch.de\/index.php?rest_route=\/wp\/v2\/posts"}],"about":[{"href":"https:\/\/www.hwv-ammerbuch.de\/index.php?rest_route=\/wp\/v2\/types\/post"}],"author":[{"embeddable":true,"href":"https:\/\/www.hwv-ammerbuch.de\/index.php?rest_route=\/wp\/v2\/users\/1"}],"replies":[{"embeddable":true,"href":"https:\/\/www.hwv-ammerbuch.de\/index.php?rest_route=%2Fwp%2Fv2%2Fcomments&post=2234"}],"version-history":[{"count":3,"href":"https:\/\/www.hwv-ammerbuch.de\/index.php?rest_route=\/wp\/v2\/posts\/2234\/revisions"}],"predecessor-version":[{"id":3025,"href":"https:\/\/www.hwv-ammerbuch.de\/index.php?rest_route=\/wp\/v2\/posts\/2234\/revisions\/3025"}],"wp:attachment":[{"href":"https:\/\/www.hwv-ammerbuch.de\/index.php?rest_route=%2Fwp%2Fv2%2Fmedia&parent=2234"}],"wp:term":[{"taxonomy":"category","embeddable":true,"href":"https:\/\/www.hwv-ammerbuch.de\/index.php?rest_route=%2Fwp%2Fv2%2Fcategories&post=2234"},{"taxonomy":"post_tag","embeddable":true,"href":"https:\/\/www.hwv-ammerbuch.de\/index.php?rest_route=%2Fwp%2Fv2%2Ftags&post=2234"}],"curies":[{"name":"wp","href":"https:\/\/api.w.org\/{rel}","templated":true}]}}