{"id":2227,"date":"2019-01-15T12:52:34","date_gmt":"2019-01-15T12:52:34","guid":{"rendered":"http:\/\/www.hwv-ammerbuch.de\/?p=2227"},"modified":"2023-02-04T20:34:06","modified_gmt":"2023-02-04T20:34:06","slug":"2227","status":"publish","type":"post","link":"https:\/\/www.hwv-ammerbuch.de\/?p=2227","title":{"rendered":""},"content":{"rendered":"<h2>Funde aus der Poltringer Ortsgeschichte \u2013 Poltringer \u201eReligionskrieg\u201c<\/h2>\n<p>Durch die Zugeh\u00f6rigkeit zu zwei konfessionell unterschiedlich ausgerichteten Herrschaftsbereichen (\u00f6sterreichisch-katholisch Hohenberg und evangelisch W\u00fcrttemberg) ergab sich in Poltringen vom 16. bis zum 19. Jahrhundert eine spannungsgeladene Situation.<\/p>\n<p>Die nachfolgende Zeittafel ist \u00fcberwiegend eine vereinfachende Zusammenfassung der sehr sch\u00f6nen Arbeit des in Reusten lebenden emeritierten Professors Dieter Stievermann: \u201eGrenzlagen und Konfessionskonflikte im Ammertal: Poltringen und Reusten in der Fr\u00fchen Neuzeit\u201c in \u201eBefreite Erinnerung Teilband 2: Region &#8211; Religion &#8211; Identit\u00e4t: T\u00fcbinger Wege\u201c, S. 51-77, 2017. Wer sich detailliert mit diesem Geschichtsabschnitt befassen will, sei die Lekt\u00fcre w\u00e4rmstens empfohlen. Diese Zeittafel ist punktuell erg\u00e4nzt mit weiteren zur Thematik passenden Daten.<\/p>\n<ul>\n<li>1535 Einf\u00fchrung der Reformation in W\u00fcrttemberg<\/li>\n<li>1599 Einsetzung eines ersten evang. Pfarrers in St. Stephanus durch den (evang.) sp\u00e4teren Bergschlossbesitzer Jakob v. Ehingen (dadurch Beschwerde \u00fcber ihn beim Kaiser und wohl folgenloser Haftbefehl)<\/li>\n<li>1600 Aufgabe des Frauenklosters bei St. Stephanus<\/li>\n<li>1603 Bau des (\u201eevang.\u201c) Bergschlosses<\/li>\n<li>1608 reichsgerichtliche Prozesse und Vergleich inklusive Religionsfreiheit (damals eine Besonderheit), St. Klemens wird evangelisch, St. Stephanus bleibt katholisch (Einwohner waren damals etwa zur H\u00e4lfte kath. \/ evang.)<\/li>\n<li>1618 Beginn des 30 j\u00e4hrigen Krieges<\/li>\n<li>1618 kath. \u00dcberfall auf (evang.) Bergschloss wg. \u201cUnterdr\u00fcckung katholischer Untertanen\u201d<\/li>\n<li>1634 im 30 j\u00e4hrigen Krieg fl\u00fcchtet der evang. Pfarrer, evang. Einwohner m\u00fcssen gehen, sterben oder konvertieren<\/li>\n<li>1648 Ende des 30 j\u00e4hrigen Krieges<\/li>\n<li>1670 St. Klemens wird von Evangelischen (aus Reusten) aufgebrochen und das Pfarrhaus besetzt<\/li>\n<li>1677 evang. Pfarrer: \u201csollten Lutheraner nach Poltringen ziehen, so w\u00fcrde man sie gewaltig qu\u00e4len und schlagen\u201d und \u201cin Poltringen zur Kirche zu gehen, das ist vor Gott nicht mehr zu verantworten\u201d<\/li>\n<li>1680 in Poltringen 11 evang. Familie (von ca. 110)<\/li>\n<li>1707 wieder kath. Besetzung des Pfarrhauses<\/li>\n<li>1721 wieder evang. Besetzung des Pfarrhauses nach Tod des kath. Pfarrers (Leiche des Pfarrers wurde dabei Treppe hinuntergeworfen und auf Misthaufen gelegt)<\/li>\n<li>1722 Versuch den evang. Mesner zu erschie\u00dfen<\/li>\n<li>1723 evang. Pfarrer traut sich nicht (mehr) zu Backofen, div. Anschl\u00e4ge, Drohungen, Schikanen<\/li>\n<li>1731 nach Tod des evang. Pfarrers milit\u00e4rischer Schutz von (evang.) Klemenskirche und Pfarrhaus durch w\u00fcrttembergische Miliz<\/li>\n<li>1732 evang. Pfarrer l\u00e4sst kath. Mesner Uhren stellen, \u201cweil dieser t\u00fcchtiger sei\u201d<\/li>\n<li>1740 Oberndorfer drohen: \u201centweder wir kriegen eigenen Pfarrer oder wir werden evangelisch!\u201d (ersteres erfolgte dann erst 1791)<\/li>\n<li>1750 nur noch Pfarrer- und Mesnerfamilie evang.<\/li>\n<li>1750-53 Neubau von St. Stephanus \u201eweil man vom Luthertum umzingelt sei\u201c und man \u201eund vor Ort sogar eine lutherische Kirche und Pfarrer, mithin die Aus\u00fcbung der nicht katholischen Religion gegenw\u00e4rtig ist\u201c<\/li>\n<li>1752 kath. Dienstbote schw\u00e4ngert in Reusten reiche evang. Witwe, lehnt f\u00fcr Heirat aber n\u00f6tige Konversion ab: \u201cauch wenn man ihm ganze Reusten schenke\u201d (es wird daher auf generelles Verbot von Indienstnahme kath. Dienstboten durch Evangelische hingewirkt)<\/li>\n<li>1772 dem kath. Pfarrer wurde (nach schriftl. Best\u00e4tigung, dass es Einzelfall sei) erlaubt, eine sterbende kath. Frau in Reusten zu besuchen<\/li>\n<li>1790 Abriss des (\u201eevang.\u201c) Bergschlosses<\/li>\n<li>1808 keine evang. Gottesdienste mehr, kurz darauf Verkauf von St. Klemens an die kath. Gemeinde (vom Erl\u00f6s Bau des evang. Pfarrhauses in Reusten)<\/li>\n<\/ul>\n<p>Wer hier vertiefende Informationen beitragen kann oder andere Geschichten als \u201eFundst\u00fccke\u201c beitragen m\u00f6chte, kann sich gerne bei unserer AG melden (heimatgeschichte \u00e4t hwv-ammerbuch punkt de).<\/p>\n<p style=\"text-align: right;\">F\u00fcr die AG \u201ePoltringer Heimatgeschichte\u201c, Boris Dieter<\/p>\n","protected":false},"excerpt":{"rendered":"<p>Funde aus der Poltringer Ortsgeschichte \u2013 Poltringer \u201eReligionskrieg\u201c Durch die Zugeh\u00f6rigkeit zu zwei konfessionell unterschiedlich ausgerichteten Herrschaftsbereichen (\u00f6sterreichisch-katholisch Hohenberg und evangelisch W\u00fcrttemberg) ergab sich in Poltringen vom 16. bis zum 19. Jahrhundert eine spannungsgeladene Situation. Die nachfolgende Zeittafel ist \u00fcberwiegend eine vereinfachende Zusammenfassung der sehr sch\u00f6nen Arbeit des in Reusten lebenden emeritierten Professors Dieter Stievermann:Continue reading &rarr;<\/p>\n","protected":false},"author":1,"featured_media":0,"comment_status":"closed","ping_status":"closed","sticky":false,"template":"","format":"standard","meta":{"footnotes":""},"categories":[12],"tags":[],"class_list":["post-2227","post","type-post","status-publish","format-standard","hentry","category-poltringer-heimatgeschichte","no-thumb"],"_links":{"self":[{"href":"https:\/\/www.hwv-ammerbuch.de\/index.php?rest_route=\/wp\/v2\/posts\/2227","targetHints":{"allow":["GET"]}}],"collection":[{"href":"https:\/\/www.hwv-ammerbuch.de\/index.php?rest_route=\/wp\/v2\/posts"}],"about":[{"href":"https:\/\/www.hwv-ammerbuch.de\/index.php?rest_route=\/wp\/v2\/types\/post"}],"author":[{"embeddable":true,"href":"https:\/\/www.hwv-ammerbuch.de\/index.php?rest_route=\/wp\/v2\/users\/1"}],"replies":[{"embeddable":true,"href":"https:\/\/www.hwv-ammerbuch.de\/index.php?rest_route=%2Fwp%2Fv2%2Fcomments&post=2227"}],"version-history":[{"count":3,"href":"https:\/\/www.hwv-ammerbuch.de\/index.php?rest_route=\/wp\/v2\/posts\/2227\/revisions"}],"predecessor-version":[{"id":3026,"href":"https:\/\/www.hwv-ammerbuch.de\/index.php?rest_route=\/wp\/v2\/posts\/2227\/revisions\/3026"}],"wp:attachment":[{"href":"https:\/\/www.hwv-ammerbuch.de\/index.php?rest_route=%2Fwp%2Fv2%2Fmedia&parent=2227"}],"wp:term":[{"taxonomy":"category","embeddable":true,"href":"https:\/\/www.hwv-ammerbuch.de\/index.php?rest_route=%2Fwp%2Fv2%2Fcategories&post=2227"},{"taxonomy":"post_tag","embeddable":true,"href":"https:\/\/www.hwv-ammerbuch.de\/index.php?rest_route=%2Fwp%2Fv2%2Ftags&post=2227"}],"curies":[{"name":"wp","href":"https:\/\/api.w.org\/{rel}","templated":true}]}}