{"id":2221,"date":"2018-12-03T23:30:36","date_gmt":"2018-12-03T23:30:36","guid":{"rendered":"http:\/\/www.hwv-ammerbuch.de\/?p=2221"},"modified":"2023-02-04T20:34:27","modified_gmt":"2023-02-04T20:34:27","slug":"2221","status":"publish","type":"post","link":"https:\/\/www.hwv-ammerbuch.de\/?p=2221","title":{"rendered":""},"content":{"rendered":"<h2>Funde aus der Poltringer Ortsgeschichte \u2013 G\u00e4ssle-Br\u00fcnnele-Kanal<\/h2>\n<p><strong>Wer wei\u00df etwas zu diesem historischen Kanal oder dessen Quellort?<\/strong><\/p>\n<p><a href=\"http:\/\/www.hwv-ammerbuch.de\/wp-content\/uploads\/2018\/12\/HWV-AG-G\u00e4ssle-Br\u00fcnnele-Kanal.jpg\"><img loading=\"lazy\" decoding=\"async\" class=\"alignright size-medium wp-image-2222\" src=\"http:\/\/www.hwv-ammerbuch.de\/wp-content\/uploads\/2018\/12\/HWV-AG-G\u00e4ssle-Br\u00fcnnele-Kanal-300x224.jpg\" alt=\"HWV AG - G\u00e4ssle-Br\u00fcnnele-Kanal\" width=\"300\" height=\"224\" srcset=\"https:\/\/www.hwv-ammerbuch.de\/wp-content\/uploads\/2018\/12\/HWV-AG-G\u00e4ssle-Br\u00fcnnele-Kanal-300x224.jpg 300w, https:\/\/www.hwv-ammerbuch.de\/wp-content\/uploads\/2018\/12\/HWV-AG-G\u00e4ssle-Br\u00fcnnele-Kanal-1024x767.jpg 1024w, https:\/\/www.hwv-ammerbuch.de\/wp-content\/uploads\/2018\/12\/HWV-AG-G\u00e4ssle-Br\u00fcnnele-Kanal-400x300.jpg 400w, https:\/\/www.hwv-ammerbuch.de\/wp-content\/uploads\/2018\/12\/HWV-AG-G\u00e4ssle-Br\u00fcnnele-Kanal.jpg 1386w\" sizes=\"auto, (max-width: 300px) 100vw, 300px\" \/><\/a>Am Aischbach (-graben) direkt am Feldweg Richtung Oberndorf (\u201eG\u00e4ssle\u201c) gibt es einen Brunnen, der \u201e(G\u00e4ssle-) Br\u00fcnnele\u201c genannt wird. Dieser ist erstmal schriftlich auf S. 17 des \u201eHeimatbuch der Gemeinde Poltringen\u201c von 1971 erw\u00e4hnt:<\/p>\n<p>\u201e\u2026Der Aischbachgraben ist der Abzugsgraben dieses Eschteils, der bis zur\u00fcck in den Aischwinkel reicht und im sogenannten G\u00e4\u00dfle \u2013 Vic. Weg 8\/1 \u2013 durch eine immerflie\u00dfende Quelle besten Trinkwassers verst\u00e4rkt wird.\u201c<\/p>\n<p>Es wird zudem berichtet, dass es wohl fr\u00fcher ein sog. \u201eKleines Br\u00fcnnele\u201c (heutiger Brunnen) und ein \u201eGro\u00dfes Br\u00fcnnele\u201c (etwas talabw\u00e4rts, direkt dort wo geteerter Weg Richtung Berg nach S\u00fcden abzweigt und dann rechts in Winkel zwischen den zwei Wegen) gab? (Hat hierzu jemand Bilder oder Karten?)<\/p>\n<p><strong>Entdeckung historischer Kanal:<\/strong><\/p>\n<p>Da der Brunnen in der 1990er Jahren versiegte oder schw\u00e4cher floss, wurde der Verlauf der Wasserr\u00f6hre von Poltringer Einwohnern aufgegraben um das Leck zu finden (und dann mit Kanaldeckelversehen). Dabei stie\u00df man \u00fcberraschenderweise nach ca. 20 Metern auf einen fast rechtwinklig parallel zum Aischbach (-graben) verlaufenden steingemauerten nach allen Seiten geschlossenen Kanal, aus dem sich die Brunnenr\u00f6hre speiste.<\/p>\n<p>Dieser Kanal war bis dahin weder den Einwohnern bekannt, noch findet er sich auf irgendeiner (historischen) Karte. Da damals nur der Zusammenfluss von Kanal und R\u00f6hre aufgegraben wurde, ist der weitere Verlauf Richtung Quelltopf (Richtung Oberndorfer Wald oder Heidenwald?) oder der weitere Verlauf Richtung Ammertal unbekannt. (Wei\u00df dazu jemand etwas?)<\/p>\n<p><strong>Alter des Kanals:<\/strong><\/p>\n<p>Eine Anfrage anhand der Bilder an das Landesdenkmalamt T\u00fcbingen 2018 ergab Folgendes:<\/p>\n<p>Datierung: Soweit sich das nach den beigef\u00fcgten Fotos beurteilen l\u00e4sst, ist eine r\u00f6mische Zeitstellung unwahrscheinlich. Art und Weise der Steinsetzung spricht f\u00fcr eine Entstehungszeit fr\u00fchestens im (ausgehenden) Mittelalter, eher aber in der Neuzeit (also nach 1500). Eine n\u00e4here zeitliche Eingrenzung ist aber wg. der doch nicht besonders guten Qualit\u00e4t der Fotografien nicht m\u00f6glich. Funktion: Auch wenn Poltringen fr\u00fcher deutlich kleiner war als heute, so darf man den Wasserbedarf einer ganzen Gemeinde nicht untersch\u00e4tzen \u2013 immerhin mussten Mensch und Tier mit Trinkwasser versorgt werden. In vielen F\u00e4llen reichte das Wasser eines durch den Ort flie\u00dfenden Bachs (oder mehrerer, wie im Fall Poltringen) irgendwann nicht mehr aus, um den gesamten Bedarf zu decken. Ich gehe daher davon aus, dass man (wann auch immer) das Wasser aus der Quelle im Wald in Richtung Dorf leitete. Auf einem der Fotos sieht es so aus, als ob der Boden des Kanals versintert sei \u2013 d. h. als ob das Wasser hier \u00fcber l\u00e4ngere Zeit offen durchgeleitet wurde. Dennoch ist es nicht auszuschlie\u00dfen, dass das Wasser durch h\u00f6lzerne Deicheln (die seitlich und nach oben durch Steine gesch\u00fctzt waren) geleitet wurde.<\/p>\n<p><strong>Weiteres Vorgehen:<\/strong><\/p>\n<p>Im Herbst 2018 wurde der Kanal nochmals von Armin Haar ausgegraben (Bild unten; Privatbesitz: Boris Dieter), vom Landesdenkmalamt dokumentiert, eingemessen und wieder verf\u00fcllt.<\/p>\n<p>Mit folgenden Methoden k\u00f6nnte der Kanalverlauf und der Quellort eventuell gefunden werden:<\/p>\n<ul>\n<li>Wasseruntersuchung: dies wurde angesto\u00dfen; aus der Wasserqualit\u00e4t k\u00f6nnten dann R\u00fcckschl\u00fcsse auf den geologischen Quellort gezogen werden<\/li>\n<li>Kanalsondierung: dies ist angedacht; durch ein Rohrreinigungsunternehmen k\u00f6nnten durch eine Kanalsondierung Erkenntnisse \u00fcber den weiteren Verlauf des Kanals gewonnen werden<\/li>\n<li>\u201eelektromagnetische\u201c Sondenmessung: dies ist angedacht; durch eine oberirdische Sondenmessung k\u00f6nnte der Verlauf des Kanals ggf. bis zur Quelle verfolgt werden, hierf\u00fcr fehlt allerdings derzeit der Zugriff auf entsprechende Ger\u00e4te oder Experten (Hat hier jemand Kontakte?)<\/li>\n<\/ul>\n<p><strong>Offene Fragen:<\/strong><\/p>\n<p>Wo liegt die Quelle, die diesen Kanal speist? Wie ist der weitere Verlauf des Kanals ober- und unterhalb der \u201eBr\u00fcnnele\u201c-Abzweigung? Welchen Zweck oder Ziel hatte der Kanal? Warum hat man vor mehreren hundert Jahren sich so gro\u00dfe M\u00fche gemacht parallel neben einem Bachlauf einen aufw\u00e4ndigen und teuren Kanal zu bauen? Wer war Erbauer \/ Auftraggeber?<\/p>\n<p>Da der Kanalverlauf und der Quellort daher immer noch im Dunkeln liegen, brauchen wir Ihre Hilfe. Wer hierzu mit vertiefenden Informationen, Karten oder Bilder unterst\u00fctzen kann, sollte sich bitte bei unserer AG (heimatgeschichte \u00e4t hwv-ammerbuch punkt de), bei Armin Haar (07073-73 18) oder Boris Dieter (07073-300 769) melden. Zu der Suche gibt es eine bebilderte zehnseitige Dokumentation, die gerne angefordert werden kann.<\/p>\n<p style=\"text-align: right;\">F\u00fcr die AG \u201ePoltringer Heimatgeschichte\u201c, Boris Dieter<\/p>\n","protected":false},"excerpt":{"rendered":"<p>Funde aus der Poltringer Ortsgeschichte \u2013 G\u00e4ssle-Br\u00fcnnele-Kanal Wer wei\u00df etwas zu diesem historischen Kanal oder dessen Quellort? Am Aischbach (-graben) direkt am Feldweg Richtung Oberndorf (\u201eG\u00e4ssle\u201c) gibt es einen Brunnen, der \u201e(G\u00e4ssle-) Br\u00fcnnele\u201c genannt wird. Dieser ist erstmal schriftlich auf S. 17 des \u201eHeimatbuch der Gemeinde Poltringen\u201c von 1971 erw\u00e4hnt: \u201e\u2026Der Aischbachgraben ist der AbzugsgrabenContinue reading &rarr;<\/p>\n","protected":false},"author":1,"featured_media":0,"comment_status":"closed","ping_status":"closed","sticky":false,"template":"","format":"standard","meta":{"footnotes":""},"categories":[12],"tags":[],"class_list":["post-2221","post","type-post","status-publish","format-standard","hentry","category-poltringer-heimatgeschichte","no-thumb"],"_links":{"self":[{"href":"https:\/\/www.hwv-ammerbuch.de\/index.php?rest_route=\/wp\/v2\/posts\/2221","targetHints":{"allow":["GET"]}}],"collection":[{"href":"https:\/\/www.hwv-ammerbuch.de\/index.php?rest_route=\/wp\/v2\/posts"}],"about":[{"href":"https:\/\/www.hwv-ammerbuch.de\/index.php?rest_route=\/wp\/v2\/types\/post"}],"author":[{"embeddable":true,"href":"https:\/\/www.hwv-ammerbuch.de\/index.php?rest_route=\/wp\/v2\/users\/1"}],"replies":[{"embeddable":true,"href":"https:\/\/www.hwv-ammerbuch.de\/index.php?rest_route=%2Fwp%2Fv2%2Fcomments&post=2221"}],"version-history":[{"count":2,"href":"https:\/\/www.hwv-ammerbuch.de\/index.php?rest_route=\/wp\/v2\/posts\/2221\/revisions"}],"predecessor-version":[{"id":3028,"href":"https:\/\/www.hwv-ammerbuch.de\/index.php?rest_route=\/wp\/v2\/posts\/2221\/revisions\/3028"}],"wp:attachment":[{"href":"https:\/\/www.hwv-ammerbuch.de\/index.php?rest_route=%2Fwp%2Fv2%2Fmedia&parent=2221"}],"wp:term":[{"taxonomy":"category","embeddable":true,"href":"https:\/\/www.hwv-ammerbuch.de\/index.php?rest_route=%2Fwp%2Fv2%2Fcategories&post=2221"},{"taxonomy":"post_tag","embeddable":true,"href":"https:\/\/www.hwv-ammerbuch.de\/index.php?rest_route=%2Fwp%2Fv2%2Ftags&post=2221"}],"curies":[{"name":"wp","href":"https:\/\/api.w.org\/{rel}","templated":true}]}}