{"id":2219,"date":"2018-11-27T23:28:36","date_gmt":"2018-11-27T23:28:36","guid":{"rendered":"http:\/\/www.hwv-ammerbuch.de\/?p=2219"},"modified":"2023-02-04T21:36:05","modified_gmt":"2023-02-04T21:36:05","slug":"2219","status":"publish","type":"post","link":"https:\/\/www.hwv-ammerbuch.de\/?p=2219","title":{"rendered":""},"content":{"rendered":"<h2>H\u00fcttenbetrieb Dienstagstreff<\/h2>\n<p>Der n\u00e4chste Dienstagstreff findet am 04.12.2018 ab 15:00 Uhr in der Palmbergh\u00fctte statt.Auf viele gut gelaunte G\u00e4ste freuen sich Moni, Gabi und Wolfgang.<\/p>\n<p style=\"text-align: right;\">Katrin Flaisch | Schriftf\u00fchrerin<\/p>\n<h2>Nachtwanderung am 07.12.2018<\/h2>\n<p style=\"text-align: left;\">Wie schon in den letzten Jahren soll auch dieses Jahr unsere traditionelle \u201eNachtwanderung\u201c mit dem Besuch eines Weihnachtsmarktes verbunden werden. Nach Esslingen im letzten Jahr steht jetzt am 07.12.2018 auf mehrfachen Wunsch der \u201eLudwigsburger Barock-Weihnachtsmarkt&#8220; auf dem Programm.<br \/>\nAuszug aus dem Netz:<br \/>\n\u201eAuf dem barocken, von Arkaden ges\u00e4umten Marktplatz im Herzen Ludwigsburgs werden die Wochen vor Weihnachten zum Wintertraum. Erleben Sie die Vorweihnachtszeit mit allen Sinnen! Wo k\u00f6nnte es Ihnen besser gelingen als beim Besuch des Ludwigsburger Barock-Weihnachtsmarkts? Schnuppern Sie den typischen Weihnachtsduft von Gl\u00fchwein, Maronen und Lebkuchen, lauschen Sie besinnlichen Weihnachtskonzerten beim B\u00fchnenprogramm, bestaunen Sie die zauberhafte Illumination, die unverwechselbare Dekoration des Marktplatzes und die liebevoll geschm\u00fcckten St\u00e4nde mit kunsthandwerklichen Geschenkideen.&#8220;<br \/>\nWenn das keine Einladung ist!<br \/>\nLos geht`s um 16:25 Uhr mit der Ammertalbahn \u00fcber Herrenberg, Stuttgart nach Ludwigsburg, wo wir um 17:43 Uhr ankommen. Nach h\u00f6chstens 10 Minuten Fu\u00dfweg k\u00f6nnen wir dann auf dem Marktplatz in das weihnachtliche Geschehen eintauchen und f\u00fcr ein paar Stunden den Alltag vergessen. Der Weihnachtsmarkt schlie\u00dft um 21:00 Uhr, so dass bis zur R\u00fcckfahrt um 22:16 Uhr und Ankunft in Pf\u00e4ffingen um 23.32 Uhr gen\u00fcgend Zeit verbleibt, rechtzeitig wieder zusammenzufinden. Die Fahrtkosten belaufen sich pro Person auf ca. 8,00 \u20ac. Um die Tickets rechtzeitig vor Fahrtantritt ordern zu k\u00f6nnen, bitte ich bei Interesse bis zum 06.12.2018 um eine verbindliche Zusage per Mail unter egon.bischofberger \u00e4t web punkt de oder telefonisch unter 0172-9378074.<\/p>\n<p style=\"text-align: right;\">Der Wanderf\u00fchrer Egon Bischofberger<\/p>\n","protected":false},"excerpt":{"rendered":"<p>H\u00fcttenbetrieb Dienstagstreff Der n\u00e4chste Dienstagstreff findet am 04.12.2018 ab 15:00 Uhr in der Palmbergh\u00fctte statt.Auf viele gut gelaunte G\u00e4ste freuen sich Moni, Gabi und Wolfgang. Katrin Flaisch | Schriftf\u00fchrerin Nachtwanderung am 07.12.2018 Wie schon in den letzten Jahren soll auch dieses Jahr unsere traditionelle \u201eNachtwanderung\u201c mit dem Besuch eines Weihnachtsmarktes verbunden werden. Nach Esslingen imContinue reading &rarr;<\/p>\n","protected":false},"author":1,"featured_media":0,"comment_status":"closed","ping_status":"closed","sticky":false,"template":"","format":"standard","meta":{"footnotes":""},"categories":[1],"tags":[],"class_list":["post-2219","post","type-post","status-publish","format-standard","hentry","category-aktuelles","no-thumb"],"_links":{"self":[{"href":"https:\/\/www.hwv-ammerbuch.de\/index.php?rest_route=\/wp\/v2\/posts\/2219","targetHints":{"allow":["GET"]}}],"collection":[{"href":"https:\/\/www.hwv-ammerbuch.de\/index.php?rest_route=\/wp\/v2\/posts"}],"about":[{"href":"https:\/\/www.hwv-ammerbuch.de\/index.php?rest_route=\/wp\/v2\/types\/post"}],"author":[{"embeddable":true,"href":"https:\/\/www.hwv-ammerbuch.de\/index.php?rest_route=\/wp\/v2\/users\/1"}],"replies":[{"embeddable":true,"href":"https:\/\/www.hwv-ammerbuch.de\/index.php?rest_route=%2Fwp%2Fv2%2Fcomments&post=2219"}],"version-history":[{"count":3,"href":"https:\/\/www.hwv-ammerbuch.de\/index.php?rest_route=\/wp\/v2\/posts\/2219\/revisions"}],"predecessor-version":[{"id":3060,"href":"https:\/\/www.hwv-ammerbuch.de\/index.php?rest_route=\/wp\/v2\/posts\/2219\/revisions\/3060"}],"wp:attachment":[{"href":"https:\/\/www.hwv-ammerbuch.de\/index.php?rest_route=%2Fwp%2Fv2%2Fmedia&parent=2219"}],"wp:term":[{"taxonomy":"category","embeddable":true,"href":"https:\/\/www.hwv-ammerbuch.de\/index.php?rest_route=%2Fwp%2Fv2%2Fcategories&post=2219"},{"taxonomy":"post_tag","embeddable":true,"href":"https:\/\/www.hwv-ammerbuch.de\/index.php?rest_route=%2Fwp%2Fv2%2Ftags&post=2219"}],"curies":[{"name":"wp","href":"https:\/\/api.w.org\/{rel}","templated":true}]}}