{"id":2212,"date":"2018-11-04T23:24:34","date_gmt":"2018-11-04T23:24:34","guid":{"rendered":"http:\/\/www.hwv-ammerbuch.de\/?p=2212"},"modified":"2018-12-15T23:25:26","modified_gmt":"2018-12-15T23:25:26","slug":"2212","status":"publish","type":"post","link":"https:\/\/www.hwv-ammerbuch.de\/?p=2212","title":{"rendered":""},"content":{"rendered":"<h2>Arbeitseins\u00e4tze<\/h2>\n<p>Nach dem das Genehmigungsverfahren seitens der Gemeinde durch ist, wollen wir mit dem Projekt Abriss und Neubau \u00dcberdachung Tanzfl\u00e4che starten. Anbei die Termine, die wir unter Vorbehalt der Witterung festgelegt haben. Es w\u00e4re sch\u00f6n, wenn sich der eine oder andere die Termine freihalten k\u00f6nnte. Bitte Nageleisen mitbringen. Auch f\u00fcr Frauen haben wir was zu tun!<\/p>\n<ul>\n<li>Donnerstag 8.11.18 14.00 Uhr Verschalung abbauen<\/li>\n<li>Freitag 9.11.18 18.00 Uhr evtl. H\u00fctte umlegen<\/li>\n<li>Dienstag 13.11.18 14.00 Uhr restliche Verschalung abbauen<\/li>\n<li>Freitag 16.11.18 10.00 Uhr Restarbeiten und Abbruch aufr\u00e4umen<\/li>\n<li>Samstag 17.11.18 10.00 Uhr Schnurger\u00fcst erstellen und Betonplatten entfernen und putzen<\/li>\n<li>Montag 19.11.18 10:00 Uhr Fundamentarbeiten<\/li>\n<li>Freitag 23.11.18 10.00 Uhr Fundament-L\u00f6cher bohren und einschalen<\/li>\n<li>Samstag 24.11.18 10.00 Uhr Fundament fertigstellen und evtl. betonieren<\/li>\n<\/ul>\n<h2>Weihnachtsbazar<\/h2>\n<p>Am Sonntag, dem 18.11.2018 ab 14 Uhr startet unser 7. Bazar in der Palmbergh\u00fctte. Die Teilnehmerinnen vom \u201eStricknachmittag\u201c haben nach harter Arbeit mit Nadeln, Wolle und Faden so einiges gezaubert das zum Verkauf angeboten wird.<br \/>\nDas reichhaltige Angebot umfasst Strickwaren, H\u00e4kelwaren und weihnachtliche Dekoartikel. F\u00fcr das leibliche Wohl bieten wir Kaffee und Kuchen an. F\u00fcr musikalische Unterhaltung sorgt Emmerich mit live Musik.<\/p>\n<p style=\"text-align: right;\">Katrin Flaisch | Schriftf\u00fchrerin<\/p>\n","protected":false},"excerpt":{"rendered":"<p>Arbeitseins\u00e4tze Nach dem das Genehmigungsverfahren seitens der Gemeinde durch ist, wollen wir mit dem Projekt Abriss und Neubau \u00dcberdachung Tanzfl\u00e4che starten. Anbei die Termine, die wir unter Vorbehalt der Witterung festgelegt haben. Es w\u00e4re sch\u00f6n, wenn sich der eine oder andere die Termine freihalten k\u00f6nnte. Bitte Nageleisen mitbringen. Auch f\u00fcr Frauen haben wir was zuContinue reading &rarr;<\/p>\n","protected":false},"author":1,"featured_media":0,"comment_status":"closed","ping_status":"closed","sticky":false,"template":"","format":"standard","meta":{"footnotes":""},"categories":[1],"tags":[],"class_list":["post-2212","post","type-post","status-publish","format-standard","hentry","category-aktuelles","no-thumb"],"_links":{"self":[{"href":"https:\/\/www.hwv-ammerbuch.de\/index.php?rest_route=\/wp\/v2\/posts\/2212","targetHints":{"allow":["GET"]}}],"collection":[{"href":"https:\/\/www.hwv-ammerbuch.de\/index.php?rest_route=\/wp\/v2\/posts"}],"about":[{"href":"https:\/\/www.hwv-ammerbuch.de\/index.php?rest_route=\/wp\/v2\/types\/post"}],"author":[{"embeddable":true,"href":"https:\/\/www.hwv-ammerbuch.de\/index.php?rest_route=\/wp\/v2\/users\/1"}],"replies":[{"embeddable":true,"href":"https:\/\/www.hwv-ammerbuch.de\/index.php?rest_route=%2Fwp%2Fv2%2Fcomments&post=2212"}],"version-history":[{"count":1,"href":"https:\/\/www.hwv-ammerbuch.de\/index.php?rest_route=\/wp\/v2\/posts\/2212\/revisions"}],"predecessor-version":[{"id":2213,"href":"https:\/\/www.hwv-ammerbuch.de\/index.php?rest_route=\/wp\/v2\/posts\/2212\/revisions\/2213"}],"wp:attachment":[{"href":"https:\/\/www.hwv-ammerbuch.de\/index.php?rest_route=%2Fwp%2Fv2%2Fmedia&parent=2212"}],"wp:term":[{"taxonomy":"category","embeddable":true,"href":"https:\/\/www.hwv-ammerbuch.de\/index.php?rest_route=%2Fwp%2Fv2%2Fcategories&post=2212"},{"taxonomy":"post_tag","embeddable":true,"href":"https:\/\/www.hwv-ammerbuch.de\/index.php?rest_route=%2Fwp%2Fv2%2Ftags&post=2212"}],"curies":[{"name":"wp","href":"https:\/\/api.w.org\/{rel}","templated":true}]}}