{"id":2203,"date":"2018-10-28T23:20:12","date_gmt":"2018-10-28T23:20:12","guid":{"rendered":"http:\/\/www.hwv-ammerbuch.de\/?p=2203"},"modified":"2019-03-02T22:24:20","modified_gmt":"2019-03-02T22:24:20","slug":"2203","status":"publish","type":"post","link":"https:\/\/www.hwv-ammerbuch.de\/?p=2203","title":{"rendered":""},"content":{"rendered":"<h2><b>H\u00fcttenbetrieb Dienstagstreff<\/b><\/h2>\n<p><b><\/b>Der n\u00e4chste Dienstagstreff findet am 06.11.2018 ab 15:00 Uhr in der Palmbergh\u00fctte statt.\u00a0Auf viele gutgelaunte G\u00e4ste freuen sich Moni, Gabi und Wolfgang.<\/p>\n<h2><b>Weihnachtsbazar<\/b><\/h2>\n<p>Am Sonntag, 18.11.2018 ab 14 Uhr startet unser 7. Bazar in der Palmbergh\u00fctte. Die Teilnehmerinnen vom \u201eStricknachmittag\u201c haben nach harter Arbeit mit Nadeln, Wolle und Faden so einiges gezaubert das zum Verkauf angeboten wird.<br \/>\nDas reichhaltige Angebot umfasst\u00a0 Strickwaren, H\u00e4kelwaren\u00a0 und weihnachtliche Dekoartikel. F\u00fcr das leibliche Wohl bieten wir\u00a0 Kaffee und Kuchen an. F\u00fcr musikalische Unterhaltung sorgt Emmerich mit live Musik.<\/p>\n<p style=\"text-align: right;\">Katrin Flaisch | Schriftf\u00fchrerin<\/p>\n","protected":false},"excerpt":{"rendered":"<p>H\u00fcttenbetrieb Dienstagstreff Der n\u00e4chste Dienstagstreff findet am 06.11.2018 ab 15:00 Uhr in der Palmbergh\u00fctte statt.\u00a0Auf viele gutgelaunte G\u00e4ste freuen sich Moni, Gabi und Wolfgang. Weihnachtsbazar Am Sonntag, 18.11.2018 ab 14 Uhr startet unser 7. Bazar in der Palmbergh\u00fctte. Die Teilnehmerinnen vom \u201eStricknachmittag\u201c haben nach harter Arbeit mit Nadeln, Wolle und Faden so einiges gezaubert dasContinue reading &rarr;<\/p>\n","protected":false},"author":1,"featured_media":0,"comment_status":"closed","ping_status":"closed","sticky":false,"template":"","format":"standard","meta":{"footnotes":""},"categories":[1],"tags":[],"class_list":["post-2203","post","type-post","status-publish","format-standard","hentry","category-aktuelles","no-thumb"],"_links":{"self":[{"href":"https:\/\/www.hwv-ammerbuch.de\/index.php?rest_route=\/wp\/v2\/posts\/2203","targetHints":{"allow":["GET"]}}],"collection":[{"href":"https:\/\/www.hwv-ammerbuch.de\/index.php?rest_route=\/wp\/v2\/posts"}],"about":[{"href":"https:\/\/www.hwv-ammerbuch.de\/index.php?rest_route=\/wp\/v2\/types\/post"}],"author":[{"embeddable":true,"href":"https:\/\/www.hwv-ammerbuch.de\/index.php?rest_route=\/wp\/v2\/users\/1"}],"replies":[{"embeddable":true,"href":"https:\/\/www.hwv-ammerbuch.de\/index.php?rest_route=%2Fwp%2Fv2%2Fcomments&post=2203"}],"version-history":[{"count":6,"href":"https:\/\/www.hwv-ammerbuch.de\/index.php?rest_route=\/wp\/v2\/posts\/2203\/revisions"}],"predecessor-version":[{"id":2259,"href":"https:\/\/www.hwv-ammerbuch.de\/index.php?rest_route=\/wp\/v2\/posts\/2203\/revisions\/2259"}],"wp:attachment":[{"href":"https:\/\/www.hwv-ammerbuch.de\/index.php?rest_route=%2Fwp%2Fv2%2Fmedia&parent=2203"}],"wp:term":[{"taxonomy":"category","embeddable":true,"href":"https:\/\/www.hwv-ammerbuch.de\/index.php?rest_route=%2Fwp%2Fv2%2Fcategories&post=2203"},{"taxonomy":"post_tag","embeddable":true,"href":"https:\/\/www.hwv-ammerbuch.de\/index.php?rest_route=%2Fwp%2Fv2%2Ftags&post=2203"}],"curies":[{"name":"wp","href":"https:\/\/api.w.org\/{rel}","templated":true}]}}