{"id":2200,"date":"2018-10-16T10:49:04","date_gmt":"2018-10-16T10:49:04","guid":{"rendered":"http:\/\/www.hwv-ammerbuch.de\/?p=2200"},"modified":"2019-03-02T22:25:13","modified_gmt":"2019-03-02T22:25:13","slug":"2200","status":"publish","type":"post","link":"https:\/\/www.hwv-ammerbuch.de\/?p=2200","title":{"rendered":""},"content":{"rendered":"<h2>Fr\u00fchwanderung zur Schaukanzel (Hirschbrunft) am Samstag den 22.09.18<\/h2>\n<p><a href=\"http:\/\/www.hwv-ammerbuch.de\/wp-content\/uploads\/2018\/10\/hwv-hirschbrunft-2018.jpg\"><img loading=\"lazy\" decoding=\"async\" class=\"alignright size-medium wp-image-2201\" alt=\"OLYMPUS DIGITAL CAMERA\" src=\"http:\/\/www.hwv-ammerbuch.de\/wp-content\/uploads\/2018\/10\/hwv-hirschbrunft-2018-300x200.jpg\" width=\"300\" height=\"200\" srcset=\"https:\/\/www.hwv-ammerbuch.de\/wp-content\/uploads\/2018\/10\/hwv-hirschbrunft-2018-300x200.jpg 300w, https:\/\/www.hwv-ammerbuch.de\/wp-content\/uploads\/2018\/10\/hwv-hirschbrunft-2018-1024x682.jpg 1024w, https:\/\/www.hwv-ammerbuch.de\/wp-content\/uploads\/2018\/10\/hwv-hirschbrunft-2018-449x300.jpg 449w, https:\/\/www.hwv-ammerbuch.de\/wp-content\/uploads\/2018\/10\/hwv-hirschbrunft-2018.jpg 1063w\" sizes=\"auto, (max-width: 300px) 100vw, 300px\" \/><\/a>Treffpunkt 5.30 Uhr. 9 Fr\u00fchaufsteher machten sich auf den Weg zur Hirschbrunft in den Sch\u00f6nbuch. Am Parkplatz Saurucken sto\u00dfen nochmals drei Wanderkameraden zur Gruppe.<br \/>\nVorbei am Schwarzwildgatter f\u00fchrte uns der Weg in der Dunkelheit Richtung Schaukanzel. Als wir unsere Pl\u00e4tze auf der Kanzel eingenommen hatten, dauerte es nicht lange bis wir das erste St\u00fcck Wild beobachten konnten. Das erste Mal, dass wir ein Wildschwein vor uns hatten. Einige Zeit sp\u00e4ter konnten wir auch die ersten Hirsche R\u00f6hren h\u00f6ren. Ein Bruftkampf verschiedener Hirsche konnten wir nicht sehen da vermutlich der Platzhirsch bereits sein Territorium erobert hatte. Dann kam das Kahlwildrudel bestehend aus 12 St\u00fccken und dem Platzhirsch ein 16Ender auf die Fl\u00e4che. Es war wie immer imposant den Tieren zuzuschauen. Nach dem Schauspiel machten wir uns auf den R\u00fcckweg. Vorbei an der k\u00f6niglichen Jagdh\u00fctte mit einem kleinen Zwischenstopp wanderten wir Richtung Mufflon Gatter. Beim leisen anlaufen konnten wir eine gr\u00f6\u00dfere Herde mit B\u00f6cken, Jungtieren und Weibchen beobachten. Danach weiter auf dem durch gro\u00dfe Maschinen besch\u00e4digten Waldweg vorbei am Entenweiher Richtung Fahrzeuge. Zum Abschluss freuten sich die Teilnehmer wieder auf das Fr\u00fchst\u00fcck im Hotel Schmoll.<\/p>\n<p style=\"text-align: right;\">Gerold Sailer | Wanderf\u00fchrer<\/p>\n","protected":false},"excerpt":{"rendered":"<p>Fr\u00fchwanderung zur Schaukanzel (Hirschbrunft) am Samstag den 22.09.18 Treffpunkt 5.30 Uhr. 9 Fr\u00fchaufsteher machten sich auf den Weg zur Hirschbrunft in den Sch\u00f6nbuch. Am Parkplatz Saurucken sto\u00dfen nochmals drei Wanderkameraden zur Gruppe. Vorbei am Schwarzwildgatter f\u00fchrte uns der Weg in der Dunkelheit Richtung Schaukanzel. Als wir unsere Pl\u00e4tze auf der Kanzel eingenommen hatten, dauerte esContinue reading &rarr;<\/p>\n","protected":false},"author":1,"featured_media":0,"comment_status":"closed","ping_status":"closed","sticky":false,"template":"","format":"standard","meta":{"footnotes":""},"categories":[1],"tags":[],"class_list":["post-2200","post","type-post","status-publish","format-standard","hentry","category-aktuelles","no-thumb"],"_links":{"self":[{"href":"https:\/\/www.hwv-ammerbuch.de\/index.php?rest_route=\/wp\/v2\/posts\/2200","targetHints":{"allow":["GET"]}}],"collection":[{"href":"https:\/\/www.hwv-ammerbuch.de\/index.php?rest_route=\/wp\/v2\/posts"}],"about":[{"href":"https:\/\/www.hwv-ammerbuch.de\/index.php?rest_route=\/wp\/v2\/types\/post"}],"author":[{"embeddable":true,"href":"https:\/\/www.hwv-ammerbuch.de\/index.php?rest_route=\/wp\/v2\/users\/1"}],"replies":[{"embeddable":true,"href":"https:\/\/www.hwv-ammerbuch.de\/index.php?rest_route=%2Fwp%2Fv2%2Fcomments&post=2200"}],"version-history":[{"count":2,"href":"https:\/\/www.hwv-ammerbuch.de\/index.php?rest_route=\/wp\/v2\/posts\/2200\/revisions"}],"predecessor-version":[{"id":2262,"href":"https:\/\/www.hwv-ammerbuch.de\/index.php?rest_route=\/wp\/v2\/posts\/2200\/revisions\/2262"}],"wp:attachment":[{"href":"https:\/\/www.hwv-ammerbuch.de\/index.php?rest_route=%2Fwp%2Fv2%2Fmedia&parent=2200"}],"wp:term":[{"taxonomy":"category","embeddable":true,"href":"https:\/\/www.hwv-ammerbuch.de\/index.php?rest_route=%2Fwp%2Fv2%2Fcategories&post=2200"},{"taxonomy":"post_tag","embeddable":true,"href":"https:\/\/www.hwv-ammerbuch.de\/index.php?rest_route=%2Fwp%2Fv2%2Ftags&post=2200"}],"curies":[{"name":"wp","href":"https:\/\/api.w.org\/{rel}","templated":true}]}}