{"id":2182,"date":"2018-09-04T20:18:54","date_gmt":"2018-09-04T20:18:54","guid":{"rendered":"http:\/\/www.hwv-ammerbuch.de\/?p=2182"},"modified":"2018-09-04T20:20:48","modified_gmt":"2018-09-04T20:20:48","slug":"2182","status":"publish","type":"post","link":"https:\/\/www.hwv-ammerbuch.de\/?p=2182","title":{"rendered":""},"content":{"rendered":"<h2>Arbeitseinsatz verschoben<\/h2>\n<p>Der f\u00fcr den 14.09.2018 geplante Arbeitseinsatz wird auf den 28.09.2018 verschoben.<\/p>\n<h2><a href=\"http:\/\/www.hwv-ammerbuch.de\/wp-content\/uploads\/2018\/09\/plakat-tag-des-offenen-denkmals.jpeg\"><img loading=\"lazy\" decoding=\"async\" class=\"alignright size-medium wp-image-2185\" alt=\"plakat-tag-des-offenen-denkmals\" src=\"http:\/\/www.hwv-ammerbuch.de\/wp-content\/uploads\/2018\/09\/plakat-tag-des-offenen-denkmals-212x300.jpeg\" width=\"212\" height=\"300\" srcset=\"https:\/\/www.hwv-ammerbuch.de\/wp-content\/uploads\/2018\/09\/plakat-tag-des-offenen-denkmals-212x300.jpeg 212w, https:\/\/www.hwv-ammerbuch.de\/wp-content\/uploads\/2018\/09\/plakat-tag-des-offenen-denkmals.jpeg 707w\" sizes=\"auto, (max-width: 212px) 100vw, 212px\" \/><\/a>Besichtigung Schlossscheuer Poltringen (und M\u00fchlrad) &#8211; Tag des offenen Denkmals am 09.09.2018<\/h2>\n<p>Alle Interessierten sind von der neugegr\u00fcndeten &#8222;AG Poltringer Heimatgeschichte&#8220; herzlich eingeladen die sonst nicht \u00f6ffentlich zug\u00e4ngliche Schlossscheuer des Poltringer Wasserschlosses am n\u00e4chsten Sonntag, dem 25 j\u00e4hrigen Jubil\u00e4um des sog. &#8222;Bundesdenkmalstags&#8220;, in Teilen zu besichtigen. Besichtigt werden k\u00f6nnen:<\/p>\n<ul>\n<li>Schlossscheuer (nur Erdgeschoss aus Sicherheitsgr\u00fcnden)<\/li>\n<li>ehemaliger Farrenstall (hier sind eine kleine Auswahl diverse Austellungsgegenst\u00e4nde eines fr\u00fcher geplanten Heimatmuseums zu sehen, die dem B\u00fcrgerverein Ammerbuch e.V. geh\u00f6ren und in den weiteren Stockwerken lagern)<\/li>\n<li>ggf. Schlosskellerr\u00e4ume<\/li>\n<li>sowie das M\u00fchlrad im Nachbargeb\u00e4ude<\/li>\n<\/ul>\n<p>Zudem wird vor der Schlossscheuer mit Ger\u00e4ten die Geschichte des Dreschens der letzen hundert Jahre gezeigt.<\/p>\n<p>Gef\u00fchrt werden die Besucher durch Mitglieder der AG, die dazu die R\u00e4umlichkeiten besuchsbereit gemacht haben. Die F\u00fchrungen finden um 11 und um 14 Uhr statt und dauern etwa 1 h. Eine Bewirtung mit Getr\u00e4nk, Kaffee und kuchen erfolgt dankenswerterweise durch den Jugendclub Poltringen.<\/p>\n<p>Das Kulturdenkmal Schlossscheuer (oder Fruchtkasten), eines von 16 Kulturdenkmalen in Poltringen, hat auch noch nach dem Brand von 1930 und reduziertem Wiederaufbau gewaltige Ausma\u00dfe. Sie besteht aus einer zweigeschossigen \u00d6konomie mit Satteldach und Mittelrisalit, einem massiven Erdgeschoss mit zwei reich profilierten und ornamentierten Rundbogenportalen (Keller- und Treppenhauszugang) und, wo nicht durch den Brand zerst\u00f6rt, aus einem Obergeschoss mit Fachwerk aus dem 16. Jahrhundert.<\/p>\n<p>Sie ist schon auf dem ersten \u00fcberlieferten Bild des Talschlosses von vor dem Umbau 1613 sehen, bestand da aber sicher schon sehr viel l\u00e4nger. Sie ist im Besitz der Gemeinde Ammerbuch, ein Verkauf des Geb\u00e4udes ist mangels Nutzungsbedarf durch die Gemeinde immer wieder im Gespr\u00e4ch.<\/p>\n<p>Der Tag des offenen Denkmals \u00f6ffnet der Bev\u00f6lkerung historische Bauten und St\u00e4tten, die sonst nicht oder nur teilweise zug\u00e4nglich sind, er bietet &#8222;Geschichte zum Anfassen&#8220; und soll die \u00d6ffentlichkeit f\u00fcr die Bedeutung des kulturellen Erbes sensibilisieren und Interesse f\u00fcr die Belange der Denkmalpflege zu wecken. Weitere Informationen und die anderen zu besichtigenden Denkm\u00e4ler in der Region finden sich hier: www.tag-des-offenen-denkmals.de<\/p>\n<p style=\"text-align: left;\">AG Poltringer Heimatgeschichte<\/p>\n<p style=\"text-align: right;\">Katrin Flaisch | Schriftf\u00fchrerin<\/p>\n","protected":false},"excerpt":{"rendered":"<p>Arbeitseinsatz verschoben Der f\u00fcr den 14.09.2018 geplante Arbeitseinsatz wird auf den 28.09.2018 verschoben. Besichtigung Schlossscheuer Poltringen (und M\u00fchlrad) &#8211; Tag des offenen Denkmals am 09.09.2018 Alle Interessierten sind von der neugegr\u00fcndeten &#8222;AG Poltringer Heimatgeschichte&#8220; herzlich eingeladen die sonst nicht \u00f6ffentlich zug\u00e4ngliche Schlossscheuer des Poltringer Wasserschlosses am n\u00e4chsten Sonntag, dem 25 j\u00e4hrigen Jubil\u00e4um des sog. &#8222;Bundesdenkmalstags&#8220;,Continue reading &rarr;<\/p>\n","protected":false},"author":1,"featured_media":0,"comment_status":"closed","ping_status":"closed","sticky":false,"template":"","format":"standard","meta":{"footnotes":""},"categories":[1],"tags":[],"class_list":["post-2182","post","type-post","status-publish","format-standard","hentry","category-aktuelles","no-thumb"],"_links":{"self":[{"href":"https:\/\/www.hwv-ammerbuch.de\/index.php?rest_route=\/wp\/v2\/posts\/2182","targetHints":{"allow":["GET"]}}],"collection":[{"href":"https:\/\/www.hwv-ammerbuch.de\/index.php?rest_route=\/wp\/v2\/posts"}],"about":[{"href":"https:\/\/www.hwv-ammerbuch.de\/index.php?rest_route=\/wp\/v2\/types\/post"}],"author":[{"embeddable":true,"href":"https:\/\/www.hwv-ammerbuch.de\/index.php?rest_route=\/wp\/v2\/users\/1"}],"replies":[{"embeddable":true,"href":"https:\/\/www.hwv-ammerbuch.de\/index.php?rest_route=%2Fwp%2Fv2%2Fcomments&post=2182"}],"version-history":[{"count":2,"href":"https:\/\/www.hwv-ammerbuch.de\/index.php?rest_route=\/wp\/v2\/posts\/2182\/revisions"}],"predecessor-version":[{"id":2186,"href":"https:\/\/www.hwv-ammerbuch.de\/index.php?rest_route=\/wp\/v2\/posts\/2182\/revisions\/2186"}],"wp:attachment":[{"href":"https:\/\/www.hwv-ammerbuch.de\/index.php?rest_route=%2Fwp%2Fv2%2Fmedia&parent=2182"}],"wp:term":[{"taxonomy":"category","embeddable":true,"href":"https:\/\/www.hwv-ammerbuch.de\/index.php?rest_route=%2Fwp%2Fv2%2Fcategories&post=2182"},{"taxonomy":"post_tag","embeddable":true,"href":"https:\/\/www.hwv-ammerbuch.de\/index.php?rest_route=%2Fwp%2Fv2%2Ftags&post=2182"}],"curies":[{"name":"wp","href":"https:\/\/api.w.org\/{rel}","templated":true}]}}