{"id":2173,"date":"2018-08-30T21:11:10","date_gmt":"2018-08-30T21:11:10","guid":{"rendered":"http:\/\/www.hwv-ammerbuch.de\/?p=2173"},"modified":"2023-02-04T21:38:12","modified_gmt":"2023-02-04T21:38:12","slug":"2173","status":"publish","type":"post","link":"https:\/\/www.hwv-ammerbuch.de\/?p=2173","title":{"rendered":""},"content":{"rendered":"<h2>H\u00fcttenbetrieb Dienstagstreff<\/h2>\n<p>Der n\u00e4chste Dienstagstreff findet am 04.09.2018 ab 15:00 Uhr in der Palmbergh\u00fctte statt.\u00a0Auf viele gut gelaunte G\u00e4ste freuen sich Moni, Gabi und Wolfgang.<\/p>\n<h2>Vorschau September und Oktober<\/h2>\n<ul>\n<li>14.09. Arbeitseinsatz Palmbergh\u00fctte (14 Uhr)<\/li>\n<li>18.09. Treffen Arbeitsgemeinschaft Poltringer Heimatgeschichte (20 Uhr)<\/li>\n<li>22.09. Fr\u00fchwanderung zur Hirschbrunft mit Fr\u00fchst\u00fcck (Gerold)<\/li>\n<li>07.10. Neuer Wein und Zwiebelkuchen<\/li>\n<\/ul>\n<p style=\"text-align: right;\">Katrin Flaisch | Schriftf\u00fchrerin<\/p>\n<h2>Arbeitsgemeinschaft Poltringer Heimatgeschichte<\/h2>\n<p><strong>Funde aus der Poltringer Ortsgeschichte \u2013 Bergschloss \u201eOberpoltringen\u201c<\/strong><\/p>\n<p><a href=\"http:\/\/www.hwv-ammerbuch.de\/wp-content\/uploads\/2018\/08\/HWV-AG-Heimatgeschichte-Bild-+-Lage-Schloss.jpg\"><img loading=\"lazy\" decoding=\"async\" class=\"alignright size-medium wp-image-2176\" src=\"http:\/\/www.hwv-ammerbuch.de\/wp-content\/uploads\/2018\/08\/HWV-AG-Heimatgeschichte-Bild-+-Lage-Schloss-224x300.jpg\" alt=\"HWV AG Heimatgeschichte Bild + Lage Schloss\" width=\"224\" height=\"300\" srcset=\"https:\/\/www.hwv-ammerbuch.de\/wp-content\/uploads\/2018\/08\/HWV-AG-Heimatgeschichte-Bild-+-Lage-Schloss-224x300.jpg 224w, https:\/\/www.hwv-ammerbuch.de\/wp-content\/uploads\/2018\/08\/HWV-AG-Heimatgeschichte-Bild-+-Lage-Schloss-767x1024.jpg 767w, https:\/\/www.hwv-ammerbuch.de\/wp-content\/uploads\/2018\/08\/HWV-AG-Heimatgeschichte-Bild-+-Lage-Schloss.jpg 797w\" sizes=\"auto, (max-width: 224px) 100vw, 224px\" \/><\/a>Von 1603 bis ca. 1790 besa\u00df Poltringen neben den zwei Kirchen auch zwei Schl\u00f6sser. Das seit ca. 10 Jahrhunderten im Talgrund liegende Wasserschloss und das auf der Anh\u00f6he oberhalb des ehemaligen Gasthofes \u201eAdler\u201c stehende sogenannte evang. Bergschloss oder Schloss Oberpoltringen. Daher auch die Gewannbezeichnung und Bus-Haltestelle \u201eSchl\u00f6ssles\u00e4cker\u201c.<\/p>\n<p>Seine Entstehung verdankt das Bergschloss mit der Reformation (ab 1535) und der geteilten Ortsherrschaft. Im Bergschloss residierte die evang. Ortsherrschaft (beginnend mit Jakob von Ehingen), im Talschloss die kath. Ortsherrschaft (damals die Freiherren von Wolkenstein). Interessanterweise wurde das Bergschloss 1603 von Heinrich Schickhardt erbaut und 10 Jahre sp\u00e4ter das Talschloss von ebendiesem zur heutigen Form umgebaut.<\/p>\n<p>Nachfolgend sieht man die einzige Zeichnung des Schlosses (aus \u201eForstlagerbuch\u201c von Andreas Kieser). Leider gibt es au\u00dfer dieser Zeichnung aus dem Jahre 1683 kein Bild des Bergschlosses. Auch Recherchen direkt bei den letzten Besitzern, den Freiherren von Ulm-Erbach, ergaben keine bildlichen Darstellungen. Die Besitzerfamilien vorher wie z.B. von Ehingen, von Pistorius oder von Zweifel scheinen ausgestorben zu sein und konnten nicht kontaktiert werden.<\/p>\n<p>Eine kurze Beschreibung des Inneren aus dem Zeitraum 1780 bis zum Abbruch sp\u00e4testens 1800 findet sich auf Seite 108\/109 des Heimatbuches von 1971:<\/p>\n<p>\u201eDas Schloss Ober-Poltringen ist \u00e1 la Moderna gebaut, hat sch\u00f6ne, hohe Stuben: 15, Kammern: 13, eine sch\u00f6ne K\u00fcche und Speisekammer, Rauch- und Waschhaus, einen gar sch\u00f6nen Keller zu 500 Eimer Wein, 2 artige Gew\u00f6lbe, einen recht sch\u00f6nen Pferdestall mit 14 St\u00e4nden, hoch, einem Zimmer gleich und hell, einen wohl bemauerten Bronnen mit dem ges\u00fcndesten Wasser, dann genug saubere Viehst\u00e4lle und eine massive Scheuer\u201c.<\/p>\n<p>Das Bergschloss lag dort, wo heute die Stra\u00dfen Pfalzgrafenring und Hohenbergstra\u00dfe verlaufen (Gebiet im mit Winkeln eingezeichneten Viereck). Dort finden sich als steinerne Zeugen als Funde im Bauaushub zum Beispiel Grenzsteine mit dem Ehinger Wappen, ein nach oben weisender Winkel.<\/p>\n<p>Wer hierzu vertiefende Informationen beitragen kann (z.B. Bilder \/ Zeichnungen \/ Beschreibungen des Bergschlosses besitzt oder kennt?) oder andere Geschichten als \u201eFundst\u00fccke\u201c beitragen m\u00f6chte, kann sich gerne bei unserer AG melden (heimatgeschichte \u00e4t hwv-ammerbuch punkt de).<\/p>\n<p>Das n\u00e4chste Treffen der Arbeitsgemeinschaft findet am 18.09.2018 um 20:00 Uhr in der Palmbergh\u00fctte statt.<\/p>\n<p style=\"text-align: right;\">F\u00fcr die AG \u201ePoltringer Ortsgeschichte\u201c, Boris Dieter<\/p>\n","protected":false},"excerpt":{"rendered":"<p>H\u00fcttenbetrieb Dienstagstreff Der n\u00e4chste Dienstagstreff findet am 04.09.2018 ab 15:00 Uhr in der Palmbergh\u00fctte statt.\u00a0Auf viele gut gelaunte G\u00e4ste freuen sich Moni, Gabi und Wolfgang. Vorschau September und Oktober 14.09. Arbeitseinsatz Palmbergh\u00fctte (14 Uhr) 18.09. Treffen Arbeitsgemeinschaft Poltringer Heimatgeschichte (20 Uhr) 22.09. Fr\u00fchwanderung zur Hirschbrunft mit Fr\u00fchst\u00fcck (Gerold) 07.10. Neuer Wein und Zwiebelkuchen Katrin FlaischContinue reading &rarr;<\/p>\n","protected":false},"author":1,"featured_media":0,"comment_status":"closed","ping_status":"closed","sticky":false,"template":"","format":"standard","meta":{"footnotes":""},"categories":[1,12],"tags":[],"class_list":["post-2173","post","type-post","status-publish","format-standard","hentry","category-aktuelles","category-poltringer-heimatgeschichte","no-thumb"],"_links":{"self":[{"href":"https:\/\/www.hwv-ammerbuch.de\/index.php?rest_route=\/wp\/v2\/posts\/2173","targetHints":{"allow":["GET"]}}],"collection":[{"href":"https:\/\/www.hwv-ammerbuch.de\/index.php?rest_route=\/wp\/v2\/posts"}],"about":[{"href":"https:\/\/www.hwv-ammerbuch.de\/index.php?rest_route=\/wp\/v2\/types\/post"}],"author":[{"embeddable":true,"href":"https:\/\/www.hwv-ammerbuch.de\/index.php?rest_route=\/wp\/v2\/users\/1"}],"replies":[{"embeddable":true,"href":"https:\/\/www.hwv-ammerbuch.de\/index.php?rest_route=%2Fwp%2Fv2%2Fcomments&post=2173"}],"version-history":[{"count":5,"href":"https:\/\/www.hwv-ammerbuch.de\/index.php?rest_route=\/wp\/v2\/posts\/2173\/revisions"}],"predecessor-version":[{"id":3063,"href":"https:\/\/www.hwv-ammerbuch.de\/index.php?rest_route=\/wp\/v2\/posts\/2173\/revisions\/3063"}],"wp:attachment":[{"href":"https:\/\/www.hwv-ammerbuch.de\/index.php?rest_route=%2Fwp%2Fv2%2Fmedia&parent=2173"}],"wp:term":[{"taxonomy":"category","embeddable":true,"href":"https:\/\/www.hwv-ammerbuch.de\/index.php?rest_route=%2Fwp%2Fv2%2Fcategories&post=2173"},{"taxonomy":"post_tag","embeddable":true,"href":"https:\/\/www.hwv-ammerbuch.de\/index.php?rest_route=%2Fwp%2Fv2%2Ftags&post=2173"}],"curies":[{"name":"wp","href":"https:\/\/api.w.org\/{rel}","templated":true}]}}