{"id":2151,"date":"2018-08-01T21:30:10","date_gmt":"2018-08-01T21:30:10","guid":{"rendered":"http:\/\/www.hwv-ammerbuch.de\/?p=2151"},"modified":"2023-02-04T21:39:34","modified_gmt":"2023-02-04T21:39:34","slug":"2151","status":"publish","type":"post","link":"https:\/\/www.hwv-ammerbuch.de\/?p=2151","title":{"rendered":""},"content":{"rendered":"<h2>Arbeitsgemeinschaft Poltringer Heimatgeschichte<\/h2>\n<p>Die Arbeitsgemeinschaft hat sich ans Werk gemacht. Im Amtsblatt sollen in unregelm\u00e4\u00dfigen Abst\u00e4nden Artikel zur Arbeit der AG Poltringer Heimatgeschichte erscheinen. Hier nun der Erste:<\/p>\n<p><strong>Funde aus der Poltringer Ortsgeschichte \u2013 Kauf und Verkauf des Tal- \/ Wasserschlosses durch die Gemeinde<br \/>\n<\/strong><\/p>\n<div id=\"attachment_2152\" style=\"width: 310px\" class=\"wp-caption alignright\"><a href=\"http:\/\/www.hwv-ammerbuch.de\/wp-content\/uploads\/2018\/08\/HWV-AG-Heimatgeschichte-Verkaufsanzeige-Schloss.jpg\"><img loading=\"lazy\" decoding=\"async\" aria-describedby=\"caption-attachment-2152\" class=\"size-medium wp-image-2152\" src=\"http:\/\/www.hwv-ammerbuch.de\/wp-content\/uploads\/2018\/08\/HWV-AG-Heimatgeschichte-Verkaufsanzeige-Schloss-300x293.jpg\" alt=\"Anzeige von 1905 (http:\/\/www.oberamt.de\/alte-Ansichtskarten-von-Nebringen-Nellingsheim-Nufringen-Oberjesingen-Oberjettingen-Oberndorf-Oeschelbronn-Pfaeffingen-Poltringen)\" width=\"300\" height=\"293\" srcset=\"https:\/\/www.hwv-ammerbuch.de\/wp-content\/uploads\/2018\/08\/HWV-AG-Heimatgeschichte-Verkaufsanzeige-Schloss-300x293.jpg 300w, https:\/\/www.hwv-ammerbuch.de\/wp-content\/uploads\/2018\/08\/HWV-AG-Heimatgeschichte-Verkaufsanzeige-Schloss-306x300.jpg 306w, https:\/\/www.hwv-ammerbuch.de\/wp-content\/uploads\/2018\/08\/HWV-AG-Heimatgeschichte-Verkaufsanzeige-Schloss.jpg 631w\" sizes=\"auto, (max-width: 300px) 100vw, 300px\" \/><\/a><p id=\"caption-attachment-2152\" class=\"wp-caption-text\">Anzeige von 1905<\/p><\/div>\n<p>Der Kauf und der Verkauf des Tal- \/ Wasserschlosses waren f\u00fcr die Gemeinde Poltringen sehr wichtige Ereignisse in der Ortsgeschichte.<br \/>\nDa das Schlossgut ein Drittel der Ortsgemarkung und die besten B\u00f6den einnahm (!), war dessen Kauf f\u00fcr das wirtschaftliche Auskommen und die Eigentumssituation der Einwohner, der damals noch b\u00e4uerlichen und aufgrund der Besitzsituation eher armen Gemeinde, von sehr gro\u00dfer Bedeutung. Ein erster Versuch, den das zust\u00e4ndige Oberamt nicht erlaubte, scheiterte schon 1874, aber 1890 war die Gemeinde dann erfolgreich mit dem Kauf von Schlossgut und Schloss.<br \/>\nDie Gemeinde konnte nun die Grundst\u00fccke an die bisher landarmen Einwohner verkaufen. Um den Kaufpreis neben einem Kredit zu finanzieren wurden umgehend die zum Schlossgut geh\u00f6rende M\u00fchle (an die Vorfahren der heutigen M\u00fchlebesitzer Familie Holz) und der Schlosswald im Sch\u00f6nbuch verkauft.<br \/>\nAuch das Schlossgeb\u00e4ude selbst versuchte man, mangels Bedarf bzw. da die Unterhaltung f\u00fcr die Gemeinde zu aufw\u00e4ndig war, zu verkaufen. Dies war allerdings trotz erheblicher Bem\u00fchungen der Gemeinde 70 Jahre lang erfolglos.<br \/>\nDazwischen gab es dann verschiedene Nutzungen als Schule, Kindergarten, Schwesterstation, Arbeitsschule f\u00fcr M\u00e4dchen und Fl\u00fcchtlingsunterkunft.<br \/>\nF\u00fcr den Kauf gab es verschiedenste Interessenten \/ Nutzungspl\u00e4ne: \u201cAnstalt der Centralstelle des Wohlt\u00e4tigkeitsvereins\u201d, Uhrenfabrik, Lederfabrik, Holzwarenfabrik, Sanatorium, bisch\u00f6fliches Ordinariat, Ferienheim, Altenheim, Studentenwohnheim, Verein, Professorenwohnhaus und Bundeswehr.<br \/>\nWegen Bauf\u00e4lligkeit schlug das Landratsamt dann 1958\/59 den Abriss und die Streichung aus der Denkmalsliste vor.<br \/>\n1966 fand sich dann zum Gl\u00fcck mit Herr Boethin endlich ein K\u00e4ufer f\u00fcr das Schlossgeb\u00e4ude, der erst ein Hotel plante und dann die Nutzung in eine Eigentumswohnungsanlage \u00e4nderte und so dieses kulturelle Kleinod und Identifikationssymbol f\u00fcr Poltringen erhielt.<br \/>\nIm Detail findet man die obengenannten Informationen in Mechthild Fingerle-Wei\u00dfhaar \u201eSiedlung und Sozialstruktur in einem ritterschaftlichen Dorf: Poltringen im 19. Jahrhundert\u201c, 1992 (Zulassungsarbeit).<br \/>\nWer hierzu vertiefende Informationen beitragen kann oder andere Geschichten als \u201eFundst\u00fccke\u201c beitragen m\u00f6chte, kann sich gerne bei unserer AG melden. Fragen oder Informationen gerne per e-mail an heimatgeschichte \u00e4t hwv-ammerbuch punkt de<\/p>\n<p style=\"text-align: right;\">F\u00fcr die AG \u201ePoltringer Ortsgeschichte\u201c, Boris Dieter<\/p>\n<h2><span style=\"color: #000000; font-weight: bold;\">Ausflug zum Campus Galli in Me\u00dfkirch (www.campus-galli.de)<\/span><\/h2>\n<p>Am Samstag 04.08.2018<br \/>\nAbfahrt in Poltringen in Fahrgemeinschaften um 10.00 Uhr am Rathaus.<br \/>\nEintritt incl. F\u00fchrung ab 12 Personen 11,00\u20ac + Fahrgeld (170 Km) 8,50\u20ac direkt an den Fahrer<br \/>\nAnmeldung unter Tel.: 07073 2127<\/p>\n<p style=\"text-align: right;\">Katrin Flaisch | Schriftf\u00fchrerin<\/p>\n","protected":false},"excerpt":{"rendered":"<p>Arbeitsgemeinschaft Poltringer Heimatgeschichte Die Arbeitsgemeinschaft hat sich ans Werk gemacht. Im Amtsblatt sollen in unregelm\u00e4\u00dfigen Abst\u00e4nden Artikel zur Arbeit der AG Poltringer Heimatgeschichte erscheinen. Hier nun der Erste: Funde aus der Poltringer Ortsgeschichte \u2013 Kauf und Verkauf des Tal- \/ Wasserschlosses durch die Gemeinde Der Kauf und der Verkauf des Tal- \/ Wasserschlosses waren f\u00fcrContinue reading &rarr;<\/p>\n","protected":false},"author":1,"featured_media":0,"comment_status":"closed","ping_status":"closed","sticky":false,"template":"","format":"standard","meta":{"footnotes":""},"categories":[1],"tags":[],"class_list":["post-2151","post","type-post","status-publish","format-standard","hentry","category-aktuelles","no-thumb"],"_links":{"self":[{"href":"https:\/\/www.hwv-ammerbuch.de\/index.php?rest_route=\/wp\/v2\/posts\/2151","targetHints":{"allow":["GET"]}}],"collection":[{"href":"https:\/\/www.hwv-ammerbuch.de\/index.php?rest_route=\/wp\/v2\/posts"}],"about":[{"href":"https:\/\/www.hwv-ammerbuch.de\/index.php?rest_route=\/wp\/v2\/types\/post"}],"author":[{"embeddable":true,"href":"https:\/\/www.hwv-ammerbuch.de\/index.php?rest_route=\/wp\/v2\/users\/1"}],"replies":[{"embeddable":true,"href":"https:\/\/www.hwv-ammerbuch.de\/index.php?rest_route=%2Fwp%2Fv2%2Fcomments&post=2151"}],"version-history":[{"count":5,"href":"https:\/\/www.hwv-ammerbuch.de\/index.php?rest_route=\/wp\/v2\/posts\/2151\/revisions"}],"predecessor-version":[{"id":3065,"href":"https:\/\/www.hwv-ammerbuch.de\/index.php?rest_route=\/wp\/v2\/posts\/2151\/revisions\/3065"}],"wp:attachment":[{"href":"https:\/\/www.hwv-ammerbuch.de\/index.php?rest_route=%2Fwp%2Fv2%2Fmedia&parent=2151"}],"wp:term":[{"taxonomy":"category","embeddable":true,"href":"https:\/\/www.hwv-ammerbuch.de\/index.php?rest_route=%2Fwp%2Fv2%2Fcategories&post=2151"},{"taxonomy":"post_tag","embeddable":true,"href":"https:\/\/www.hwv-ammerbuch.de\/index.php?rest_route=%2Fwp%2Fv2%2Ftags&post=2151"}],"curies":[{"name":"wp","href":"https:\/\/api.w.org\/{rel}","templated":true}]}}