{"id":2149,"date":"2018-07-24T19:34:49","date_gmt":"2018-07-24T19:34:49","guid":{"rendered":"http:\/\/www.hwv-ammerbuch.de\/?p=2149"},"modified":"2018-07-24T19:34:49","modified_gmt":"2018-07-24T19:34:49","slug":"2149","status":"publish","type":"post","link":"https:\/\/www.hwv-ammerbuch.de\/?p=2149","title":{"rendered":""},"content":{"rendered":"<h2>R\u00fcckblick zur Nachtw\u00e4chterf\u00fchrung am 14. Juli 2018<\/h2>\n<p>Wider Erwarten viele Mitglieder und Freunde des Heimat-und Wandervereins trafen sich zum vereinbarten Termin am Bahnhof Pf\u00e4ffingen.<br \/>\nDie Ammertalbahn brachte uns an den Hbf. nach T\u00fcbingen. Von dort ging es zu Fu\u00df vorbei am Anlagensee zu unserem ersten Ziel, dem Mauganeschtle am Schlossberg.<br \/>\nHier mussten erst einmal Sitzpl\u00e4tze f\u00fcr unsere 25-k\u00f6pfige Gruppe organisiert werden und so manche Bedienung hatte ihre liebe Not mit uns. Nach kurzem Tische und St\u00fchle r\u00fccken konnte die Gem\u00fctlichkeit zum Abendessen aufkommen.<br \/>\nDer Ausblick von \u201eder sch\u00f6nsten Terrasse in T\u00fcbingen\u201c an einem wundersch\u00f6nen Sommerabend war wirklich ein Genuss.<br \/>\nZwischenzeitlich traf auch unser Nachtw\u00e4chter Oli ein; wir waren, zugegeben, etwas \u00fcberrascht, dass dieser der Hitze wegen in Hawaiihemd und Shorts erschien und nicht im schwarzen Gewand.<br \/>\nDie F\u00fchrung durch die Stadt war interessant; sicherlich f\u00fcr viele nicht neu, aber dennoch wurden Einige an Pl\u00e4tze gef\u00fchrt, von denen sie v\u00f6llig \u00fcberrascht waren.<br \/>\nGegen 22 Uhr verabschiedete sich unser Nachtw\u00e4chter und w\u00e4hrend die eine H\u00e4lfte der Gruppe die Heimreise antrat, gab es f\u00fcr den Rest noch einen gem\u00fctlichen Absacker im Neckarm\u00fcller Biergarten.<br \/>\nAuf dem Heimweg konnte man h\u00f6ren, dass doch alle sehr zufrieden waren vom Programm des Abends.<\/p>\n<p style=\"text-align: right;\">Wanderf\u00fchrerin Margarete<\/p>\n<h2>Ausflug zum Campus Galli in Me\u00dfkirch (www.campus-galli.de)<\/h2>\n<p>Am Samstag 04.08.2018<br \/>\nAbfahrt in Poltringen in Fahrgemeinschaften um 10.00 Uhr am Rathaus.<br \/>\nEintritt inkl. F\u00fchrung ab 12 Personen 11,00\u20ac + Fahrgeld (170 Km) 8,50\u20ac direkt an den Fahrer<br \/>\nAnmeldung unter Tel.: 07073 2127<\/p>\n<p style=\"text-align: right;\">Katrin Flaisch | Schriftf\u00fchrerin<\/p>\n","protected":false},"excerpt":{"rendered":"<p>R\u00fcckblick zur Nachtw\u00e4chterf\u00fchrung am 14. Juli 2018 Wider Erwarten viele Mitglieder und Freunde des Heimat-und Wandervereins trafen sich zum vereinbarten Termin am Bahnhof Pf\u00e4ffingen. Die Ammertalbahn brachte uns an den Hbf. nach T\u00fcbingen. Von dort ging es zu Fu\u00df vorbei am Anlagensee zu unserem ersten Ziel, dem Mauganeschtle am Schlossberg. Hier mussten erst einmal Sitzpl\u00e4tzeContinue reading &rarr;<\/p>\n","protected":false},"author":1,"featured_media":0,"comment_status":"closed","ping_status":"closed","sticky":false,"template":"","format":"standard","meta":{"footnotes":""},"categories":[1],"tags":[],"class_list":["post-2149","post","type-post","status-publish","format-standard","hentry","category-aktuelles","no-thumb"],"_links":{"self":[{"href":"https:\/\/www.hwv-ammerbuch.de\/index.php?rest_route=\/wp\/v2\/posts\/2149","targetHints":{"allow":["GET"]}}],"collection":[{"href":"https:\/\/www.hwv-ammerbuch.de\/index.php?rest_route=\/wp\/v2\/posts"}],"about":[{"href":"https:\/\/www.hwv-ammerbuch.de\/index.php?rest_route=\/wp\/v2\/types\/post"}],"author":[{"embeddable":true,"href":"https:\/\/www.hwv-ammerbuch.de\/index.php?rest_route=\/wp\/v2\/users\/1"}],"replies":[{"embeddable":true,"href":"https:\/\/www.hwv-ammerbuch.de\/index.php?rest_route=%2Fwp%2Fv2%2Fcomments&post=2149"}],"version-history":[{"count":1,"href":"https:\/\/www.hwv-ammerbuch.de\/index.php?rest_route=\/wp\/v2\/posts\/2149\/revisions"}],"predecessor-version":[{"id":2150,"href":"https:\/\/www.hwv-ammerbuch.de\/index.php?rest_route=\/wp\/v2\/posts\/2149\/revisions\/2150"}],"wp:attachment":[{"href":"https:\/\/www.hwv-ammerbuch.de\/index.php?rest_route=%2Fwp%2Fv2%2Fmedia&parent=2149"}],"wp:term":[{"taxonomy":"category","embeddable":true,"href":"https:\/\/www.hwv-ammerbuch.de\/index.php?rest_route=%2Fwp%2Fv2%2Fcategories&post=2149"},{"taxonomy":"post_tag","embeddable":true,"href":"https:\/\/www.hwv-ammerbuch.de\/index.php?rest_route=%2Fwp%2Fv2%2Ftags&post=2149"}],"curies":[{"name":"wp","href":"https:\/\/api.w.org\/{rel}","templated":true}]}}