{"id":2147,"date":"2018-07-12T15:53:06","date_gmt":"2018-07-12T15:53:06","guid":{"rendered":"http:\/\/www.hwv-ammerbuch.de\/?p=2147"},"modified":"2023-02-04T21:40:19","modified_gmt":"2023-02-04T21:40:19","slug":"2147","status":"publish","type":"post","link":"https:\/\/www.hwv-ammerbuch.de\/?p=2147","title":{"rendered":""},"content":{"rendered":"<h2>Sommergrillfest f\u00fcr alle Mitglieder<\/h2>\n<p>Am Samstag 21.07.2017 beginnt ab 14:00 Uhr unser Sommergrillfest f\u00fcr alle Mitglieder und Ihre Angeh\u00f6rigen. Wir freuen uns auf Euer kommen!<\/p>\n<h2>Nachtw\u00e4chterf\u00fchrung in T\u00fcbingen am 14. Juli 2018<\/h2>\n<p>Zur Erinnerung: Wir treffen uns am Samstag, 14. Juli 2018 um 16.45 Uhr an der Ammertalbahn in Pf\u00e4ffingen.<\/p>\n<h2>Erstes Treffen der &#8222;Arbeitsgemeinschaft Poltringer Heimatgeschichte&#8220;<\/h2>\n<p>Am 12.06.2018 fand abends in der Palmbergh\u00fctte das erste gut besuchte und lebhafte Treffen der &#8222;Arbeitsgemeinschaft\/AG Poltringer Heimatgeschichte&#8220; statt. Diese ist nun eine neue Sparte des Heimat- und Wandervereins Ammerbuch e. V. (HWV) unter der Leitung von Margot Sailer unterst\u00fctzt von Boris Dieter. 16 Neu- und Alt-Poltringer\/innen diskutierten dort m\u00f6gliche Aktivit\u00e4ten der AG, tauschten sich rege und kenntnisreich zu historischen Bildern, Studien und aktuellen Recherchen aus und hatten einen interessanten Abend. Weitere Interessenten waren zeitlich verhindert und wollten bei den n\u00e4chsten Treffen dazusto\u00dfen.<br \/>\nAls n\u00e4chste Aktivit\u00e4ten sind folgende geplant:<\/p>\n<ul>\n<li>am Tag des offenen Denkmals am 9. September 2018: Organisation der Besichtigung der Schlosscheuer<\/li>\n<li>eine &#8222;Ortsarchiv-Putzete<\/li>\n<li>Fortsetzung der Recherche zum &#8222;G\u00e4ssle-Br\u00fcnnele\/Kanal&#8220;<\/li>\n<li>Kl\u00e4rung einer Besichtigungsm\u00f6glichkeit im Wasserschloss evtl. in 2019<\/li>\n<\/ul>\n<p>Was auch noch gesucht wird, ist ein &#8222;Ortsarchivar&#8220;, d.h. jemand der ortsgeschichtliche Dokumente (Literatur zu Poltringen, Bilder, Rechercheergebnisse, Aufzeichnungen etc.) entgegennimmt oder sogar aktiv sammelt, und m\u00f6glichst digitalisiert um das Ortsarchiv zu erg\u00e4nzen und um sp\u00e4ter ggf. Ver\u00f6ffentlichungen auf der Homepage des HWV oder \u201eAmmerbuch Aktuell\u201c vorzunehmen.<\/p>\n<p>Bei allen Aktivit\u00e4ten freuen sich die Zust\u00e4ndigen immer \u00fcber weitere Helfer und Unterst\u00fctzer (gerne auch \u201eZugezogene\u201c). Gerne melden bei Margot Sailer 07073\/2127 oder E-Mail 1.Vorstand \u00e4t hwv-ammerbuch punkt de (oder Boris Dieter boris.dieter \u00e4t arcor punkt de).<\/p>\n<p>Als n\u00e4chstes Treffen wurde der 18.09.2018 um 20 Uhr in der Palmbergh\u00fctte vereinbart. Wer bei ortsgeschichtlichen Themen aktiv mitarbeiten, ist hierzu herzlich eingeladen. Die Arbeitsgemeinschaft freut sich immer \u00fcber das Beisteuern von Bildern und Geschichten.<\/p>\n<p style=\"text-align: right;\">Katrin Flaisch | Schriftf\u00fchrerin<\/p>\n","protected":false},"excerpt":{"rendered":"<p>Sommergrillfest f\u00fcr alle Mitglieder Am Samstag 21.07.2017 beginnt ab 14:00 Uhr unser Sommergrillfest f\u00fcr alle Mitglieder und Ihre Angeh\u00f6rigen. Wir freuen uns auf Euer kommen! Nachtw\u00e4chterf\u00fchrung in T\u00fcbingen am 14. Juli 2018 Zur Erinnerung: Wir treffen uns am Samstag, 14. Juli 2018 um 16.45 Uhr an der Ammertalbahn in Pf\u00e4ffingen. Erstes Treffen der &#8222;Arbeitsgemeinschaft PoltringerContinue reading &rarr;<\/p>\n","protected":false},"author":1,"featured_media":0,"comment_status":"closed","ping_status":"closed","sticky":false,"template":"","format":"standard","meta":{"footnotes":""},"categories":[1],"tags":[],"class_list":["post-2147","post","type-post","status-publish","format-standard","hentry","category-aktuelles","no-thumb"],"_links":{"self":[{"href":"https:\/\/www.hwv-ammerbuch.de\/index.php?rest_route=\/wp\/v2\/posts\/2147","targetHints":{"allow":["GET"]}}],"collection":[{"href":"https:\/\/www.hwv-ammerbuch.de\/index.php?rest_route=\/wp\/v2\/posts"}],"about":[{"href":"https:\/\/www.hwv-ammerbuch.de\/index.php?rest_route=\/wp\/v2\/types\/post"}],"author":[{"embeddable":true,"href":"https:\/\/www.hwv-ammerbuch.de\/index.php?rest_route=\/wp\/v2\/users\/1"}],"replies":[{"embeddable":true,"href":"https:\/\/www.hwv-ammerbuch.de\/index.php?rest_route=%2Fwp%2Fv2%2Fcomments&post=2147"}],"version-history":[{"count":2,"href":"https:\/\/www.hwv-ammerbuch.de\/index.php?rest_route=\/wp\/v2\/posts\/2147\/revisions"}],"predecessor-version":[{"id":3066,"href":"https:\/\/www.hwv-ammerbuch.de\/index.php?rest_route=\/wp\/v2\/posts\/2147\/revisions\/3066"}],"wp:attachment":[{"href":"https:\/\/www.hwv-ammerbuch.de\/index.php?rest_route=%2Fwp%2Fv2%2Fmedia&parent=2147"}],"wp:term":[{"taxonomy":"category","embeddable":true,"href":"https:\/\/www.hwv-ammerbuch.de\/index.php?rest_route=%2Fwp%2Fv2%2Fcategories&post=2147"},{"taxonomy":"post_tag","embeddable":true,"href":"https:\/\/www.hwv-ammerbuch.de\/index.php?rest_route=%2Fwp%2Fv2%2Ftags&post=2147"}],"curies":[{"name":"wp","href":"https:\/\/api.w.org\/{rel}","templated":true}]}}