{"id":2141,"date":"2018-06-03T19:44:43","date_gmt":"2018-06-03T19:44:43","guid":{"rendered":"http:\/\/www.hwv-ammerbuch.de\/?p=2141"},"modified":"2018-06-16T19:45:56","modified_gmt":"2018-06-16T19:45:56","slug":"2141","status":"publish","type":"post","link":"https:\/\/www.hwv-ammerbuch.de\/?p=2141","title":{"rendered":""},"content":{"rendered":"<h2>Einladung zum Konzert und zur Hocketse<\/h2>\n<p>Der Liederkranz Poltringen hat uns zu seinem Fr\u00fchjahrskonzert &#8222;Eine musikalische Weltreise&#8220; am Samstag 09. Juni und zur Hocketse am Sonntag eingeladen. Gerne folgen wir der Einladung.<\/p>\n<h2>Einladung an alle, die sich f\u00fcr die Poltringer Heimatgeschichte interessieren!<\/h2>\n<p>Angeregt durch den ortsgeschichtlichen Vortrag von Boris Dieter, der Ende Januar im Gasthaus \u201eAdler\u201c stattfand, trafen sich einige geschichtsinteressierte Einwohner Poltringens bei Margot Sailer. Damit man sich aktiver und strukturierter um die Poltringer Ortsgeschichte k\u00fcmmern k\u00f6nnte, wurde vorgeschlagen, dass es Sinn machen w\u00fcrde, eine \u201eArbeitsgemeinschaft Poltringer Heimatgeschichte\u201c (dies w\u00e4re eine extra Sparte des Ammerbucher Heimat- und Wandervereins) zu gr\u00fcnden. So viele Poltringer haben noch Geschichten, Dokumente und Bilder in ihren Schubladen liegen. Deshalb w\u00e4re es sehr sinnvoll diese doch \u201ezusammen zutragen\u201c.<br \/>\nIm ersten Treffen, soll es darum gehen in welcher Form (Vortr\u00e4ge, Exkursionen, Amtsblattartikel etc.) wo und in welchem Rhythmus die AG aktiv wird und welche Themen angegangen werden. Ideen gibt es genug. Bei diesen Treffen wird Boris Dieter auch etwas \u00fcber das \u201eG\u00e4ssle Br\u00fcnnele\u201c erz\u00e4hlen! W\u00e4re sch\u00f6n, wenn der eine oder andere auch noch sein Wissen miteinbringen k\u00f6nnte.<br \/>\n<span style=\"font-weight: 300;\">Ob \u201ePoltringer\u201c oder \u201eZugezogene\u201c, jeder Geschichtsinteressierte ist willkommen.<br \/>\n<\/span>Wir treffen uns am Dienstag, den 12. Juni 2018 um 20.00 Uhr in der Palmbergh\u00fctte (liegt zwischen Poltringen und Oberndorf).<br \/>\nEs ist zudem geplant am bundesweiten \u201eTag des Denkmals\u201c am 09. 09. 2018 eine Besichtigung einer ortshistorisch interessanten nicht \u00f6ffentlich zug\u00e4nglichen \u00d6rtlichkeit in Poltringen, die noch festgelegt wird, durchzuf\u00fchren.<\/p>\n<h2>Sonnwendfeier<\/h2>\n<p>Unsere diesj\u00e4hrige Sonnwendfeier findet am Freitag 22. Juni 2018 auf dem Palmberg statt. Beginn ist um 19 Uhr. Bei Einbruch der Dunkelheit wollen wir einen Kinder-Fackelzug mit anschlie\u00dfender Entz\u00fcndung des Sonnwendfeuers durch die Kinder starten. Mit gemeinsamem Singen am Feuer wollen wir noch eine Weile gem\u00fctlich beisammen sein. F\u00fcr das leibliche Wohl wird gesorgt.<\/p>\n<p style=\"text-align: right;\">Katrin Flaisch | Schriftf\u00fchrerin<\/p>\n","protected":false},"excerpt":{"rendered":"<p>Einladung zum Konzert und zur Hocketse Der Liederkranz Poltringen hat uns zu seinem Fr\u00fchjahrskonzert &#8222;Eine musikalische Weltreise&#8220; am Samstag 09. Juni und zur Hocketse am Sonntag eingeladen. Gerne folgen wir der Einladung. Einladung an alle, die sich f\u00fcr die Poltringer Heimatgeschichte interessieren! Angeregt durch den ortsgeschichtlichen Vortrag von Boris Dieter, der Ende Januar im GasthausContinue reading &rarr;<\/p>\n","protected":false},"author":1,"featured_media":0,"comment_status":"closed","ping_status":"closed","sticky":false,"template":"","format":"standard","meta":{"footnotes":""},"categories":[1],"tags":[],"class_list":["post-2141","post","type-post","status-publish","format-standard","hentry","category-aktuelles","no-thumb"],"_links":{"self":[{"href":"https:\/\/www.hwv-ammerbuch.de\/index.php?rest_route=\/wp\/v2\/posts\/2141","targetHints":{"allow":["GET"]}}],"collection":[{"href":"https:\/\/www.hwv-ammerbuch.de\/index.php?rest_route=\/wp\/v2\/posts"}],"about":[{"href":"https:\/\/www.hwv-ammerbuch.de\/index.php?rest_route=\/wp\/v2\/types\/post"}],"author":[{"embeddable":true,"href":"https:\/\/www.hwv-ammerbuch.de\/index.php?rest_route=\/wp\/v2\/users\/1"}],"replies":[{"embeddable":true,"href":"https:\/\/www.hwv-ammerbuch.de\/index.php?rest_route=%2Fwp%2Fv2%2Fcomments&post=2141"}],"version-history":[{"count":1,"href":"https:\/\/www.hwv-ammerbuch.de\/index.php?rest_route=\/wp\/v2\/posts\/2141\/revisions"}],"predecessor-version":[{"id":2142,"href":"https:\/\/www.hwv-ammerbuch.de\/index.php?rest_route=\/wp\/v2\/posts\/2141\/revisions\/2142"}],"wp:attachment":[{"href":"https:\/\/www.hwv-ammerbuch.de\/index.php?rest_route=%2Fwp%2Fv2%2Fmedia&parent=2141"}],"wp:term":[{"taxonomy":"category","embeddable":true,"href":"https:\/\/www.hwv-ammerbuch.de\/index.php?rest_route=%2Fwp%2Fv2%2Fcategories&post=2141"},{"taxonomy":"post_tag","embeddable":true,"href":"https:\/\/www.hwv-ammerbuch.de\/index.php?rest_route=%2Fwp%2Fv2%2Ftags&post=2141"}],"curies":[{"name":"wp","href":"https:\/\/api.w.org\/{rel}","templated":true}]}}