{"id":2139,"date":"2018-06-16T19:37:07","date_gmt":"2018-06-16T19:37:07","guid":{"rendered":"http:\/\/www.hwv-ammerbuch.de\/?p=2139"},"modified":"2018-06-16T19:37:07","modified_gmt":"2018-06-16T19:37:07","slug":"2139","status":"publish","type":"post","link":"https:\/\/www.hwv-ammerbuch.de\/?p=2139","title":{"rendered":""},"content":{"rendered":"<h2>Sonnwendfeier<\/h2>\n<p>Unsere diesj\u00e4hrige Sonnwendfeier findet am Freitag 22. Juni 2018 auf dem Palmberg statt. Beginn ist um 19 Uhr. Bei Einbruch der Dunkelheit wollen wir einen Kinder-Fackelzug mit anschlie\u00dfender Entz\u00fcndung des Sonnwendfeuers durch die Kinder starten. Mit gemeinsamem Singen am Feuer wollen wir noch eine Weile gem\u00fctlich beisammen sein. F\u00fcr das leibliche Wohl wird gesorgt.<\/p>\n<h2>Arbeitseins\u00e4tze<\/h2>\n<p>Arbeitseinsatz zur Vorbereitung des Feuers am Donnerstag 21. Juni 2018 ab 17 Uhr auf dem Palmberg. Aufr\u00e4umarbeiten am Samstag 23. Juni 2018 ab 10 Uhr.<\/p>\n<p style=\"text-align: right;\">Katrin Flaisch | Schriftf\u00fchrerin<\/p>\n","protected":false},"excerpt":{"rendered":"<p>Sonnwendfeier Unsere diesj\u00e4hrige Sonnwendfeier findet am Freitag 22. Juni 2018 auf dem Palmberg statt. Beginn ist um 19 Uhr. Bei Einbruch der Dunkelheit wollen wir einen Kinder-Fackelzug mit anschlie\u00dfender Entz\u00fcndung des Sonnwendfeuers durch die Kinder starten. Mit gemeinsamem Singen am Feuer wollen wir noch eine Weile gem\u00fctlich beisammen sein. F\u00fcr das leibliche Wohl wird gesorgt.Continue reading &rarr;<\/p>\n","protected":false},"author":1,"featured_media":0,"comment_status":"closed","ping_status":"closed","sticky":false,"template":"","format":"standard","meta":{"footnotes":""},"categories":[1],"tags":[],"class_list":["post-2139","post","type-post","status-publish","format-standard","hentry","category-aktuelles","no-thumb"],"_links":{"self":[{"href":"https:\/\/www.hwv-ammerbuch.de\/index.php?rest_route=\/wp\/v2\/posts\/2139","targetHints":{"allow":["GET"]}}],"collection":[{"href":"https:\/\/www.hwv-ammerbuch.de\/index.php?rest_route=\/wp\/v2\/posts"}],"about":[{"href":"https:\/\/www.hwv-ammerbuch.de\/index.php?rest_route=\/wp\/v2\/types\/post"}],"author":[{"embeddable":true,"href":"https:\/\/www.hwv-ammerbuch.de\/index.php?rest_route=\/wp\/v2\/users\/1"}],"replies":[{"embeddable":true,"href":"https:\/\/www.hwv-ammerbuch.de\/index.php?rest_route=%2Fwp%2Fv2%2Fcomments&post=2139"}],"version-history":[{"count":1,"href":"https:\/\/www.hwv-ammerbuch.de\/index.php?rest_route=\/wp\/v2\/posts\/2139\/revisions"}],"predecessor-version":[{"id":2140,"href":"https:\/\/www.hwv-ammerbuch.de\/index.php?rest_route=\/wp\/v2\/posts\/2139\/revisions\/2140"}],"wp:attachment":[{"href":"https:\/\/www.hwv-ammerbuch.de\/index.php?rest_route=%2Fwp%2Fv2%2Fmedia&parent=2139"}],"wp:term":[{"taxonomy":"category","embeddable":true,"href":"https:\/\/www.hwv-ammerbuch.de\/index.php?rest_route=%2Fwp%2Fv2%2Fcategories&post=2139"},{"taxonomy":"post_tag","embeddable":true,"href":"https:\/\/www.hwv-ammerbuch.de\/index.php?rest_route=%2Fwp%2Fv2%2Ftags&post=2139"}],"curies":[{"name":"wp","href":"https:\/\/api.w.org\/{rel}","templated":true}]}}