{"id":2127,"date":"2018-05-14T20:46:17","date_gmt":"2018-05-14T20:46:17","guid":{"rendered":"http:\/\/wp.hwv-ammerbuch.de\/?p=2127"},"modified":"2018-05-14T20:47:00","modified_gmt":"2018-05-14T20:47:00","slug":"2127","status":"publish","type":"post","link":"https:\/\/www.hwv-ammerbuch.de\/?p=2127","title":{"rendered":""},"content":{"rendered":"<h2>Maibaumaufstellen<a href=\"http:\/\/wp.hwv-ammerbuch.de\/wp-content\/uploads\/2018\/05\/hwv-maibaum-2018-bunt.jpg\"><img loading=\"lazy\" decoding=\"async\" class=\"alignright size-medium wp-image-2129\" alt=\"hwv maibaum 2018 bunt\" src=\"http:\/\/wp.hwv-ammerbuch.de\/wp-content\/uploads\/2018\/05\/hwv-maibaum-2018-bunt-194x300.jpg\" width=\"194\" height=\"300\" srcset=\"https:\/\/www.hwv-ammerbuch.de\/wp-content\/uploads\/2018\/05\/hwv-maibaum-2018-bunt-194x300.jpg 194w, https:\/\/www.hwv-ammerbuch.de\/wp-content\/uploads\/2018\/05\/hwv-maibaum-2018-bunt.jpg 649w\" sizes=\"auto, (max-width: 194px) 100vw, 194px\" \/><\/a><\/h2>\n<p>Bei unserem diesj\u00e4hrigen Maibaumaufstellen begr\u00fc\u00dfte unsere 1. Vorsitzende Margot Sailer die zahlreichen Besucher, Ortsvorsteher Reinhold Hess und die Vertreter der \u00f6rtlichen Vereine. Die Freiwillige Feuerwehr Poltringen hat mit gro\u00dfer Anstrengung, durch die vorstehenden \u00c4ste der B\u00e4ume, den diesj\u00e4hrigen Maibaum aufgestellt. Der \u201eBlechhaufa\u201c sorgte f\u00fcr die musikalische Unterhaltung. Marietta trug ein Fr\u00fchlingsgedicht vor und anschlie\u00dfend wurden gemeinsam Lieder gesungen. Das Fest wurde von der gesamten Bev\u00f6lkerung gut angenommen und es wurde bis sp\u00e4t in die Nacht gefeiert.<\/p>\n<p style=\"text-align: right;\">Katrin Flaisch | Schriftf\u00fchrerin<\/p>\n<h2>Wanderung Wendelsheimer Weinfest<\/h2>\n<p>Liebe Vereinsmitglieder des HWV,<br \/>\nam Samstag, den 26. Mai wandern wir zum Wendelsheimer Weinfest. Wir treffen uns beim Sportheim Poltringen und von dort wandern wir um 14.00 Uhr Richtung M\u00e4rchensee und zum Weinbergfest. Vor Einbruch der Dunkelheit wandern wir wieder zur\u00fcck.<\/p>\n<p style=\"text-align: right;\">Gerold Sailer |\u00a0Wanderf\u00fchrer<\/p>\n","protected":false},"excerpt":{"rendered":"<p>Maibaumaufstellen Bei unserem diesj\u00e4hrigen Maibaumaufstellen begr\u00fc\u00dfte unsere 1. Vorsitzende Margot Sailer die zahlreichen Besucher, Ortsvorsteher Reinhold Hess und die Vertreter der \u00f6rtlichen Vereine. Die Freiwillige Feuerwehr Poltringen hat mit gro\u00dfer Anstrengung, durch die vorstehenden \u00c4ste der B\u00e4ume, den diesj\u00e4hrigen Maibaum aufgestellt. Der \u201eBlechhaufa\u201c sorgte f\u00fcr die musikalische Unterhaltung. Marietta trug ein Fr\u00fchlingsgedicht vor und anschlie\u00dfendContinue reading &rarr;<\/p>\n","protected":false},"author":1,"featured_media":0,"comment_status":"closed","ping_status":"closed","sticky":false,"template":"","format":"standard","meta":{"footnotes":""},"categories":[1],"tags":[],"class_list":["post-2127","post","type-post","status-publish","format-standard","hentry","category-aktuelles","no-thumb"],"_links":{"self":[{"href":"https:\/\/www.hwv-ammerbuch.de\/index.php?rest_route=\/wp\/v2\/posts\/2127","targetHints":{"allow":["GET"]}}],"collection":[{"href":"https:\/\/www.hwv-ammerbuch.de\/index.php?rest_route=\/wp\/v2\/posts"}],"about":[{"href":"https:\/\/www.hwv-ammerbuch.de\/index.php?rest_route=\/wp\/v2\/types\/post"}],"author":[{"embeddable":true,"href":"https:\/\/www.hwv-ammerbuch.de\/index.php?rest_route=\/wp\/v2\/users\/1"}],"replies":[{"embeddable":true,"href":"https:\/\/www.hwv-ammerbuch.de\/index.php?rest_route=%2Fwp%2Fv2%2Fcomments&post=2127"}],"version-history":[{"count":3,"href":"https:\/\/www.hwv-ammerbuch.de\/index.php?rest_route=\/wp\/v2\/posts\/2127\/revisions"}],"predecessor-version":[{"id":2132,"href":"https:\/\/www.hwv-ammerbuch.de\/index.php?rest_route=\/wp\/v2\/posts\/2127\/revisions\/2132"}],"wp:attachment":[{"href":"https:\/\/www.hwv-ammerbuch.de\/index.php?rest_route=%2Fwp%2Fv2%2Fmedia&parent=2127"}],"wp:term":[{"taxonomy":"category","embeddable":true,"href":"https:\/\/www.hwv-ammerbuch.de\/index.php?rest_route=%2Fwp%2Fv2%2Fcategories&post=2127"},{"taxonomy":"post_tag","embeddable":true,"href":"https:\/\/www.hwv-ammerbuch.de\/index.php?rest_route=%2Fwp%2Fv2%2Ftags&post=2127"}],"curies":[{"name":"wp","href":"https:\/\/api.w.org\/{rel}","templated":true}]}}