{"id":2123,"date":"2018-05-01T12:38:42","date_gmt":"2018-05-01T12:38:42","guid":{"rendered":"http:\/\/wp.hwv-ammerbuch.de\/?p=2123"},"modified":"2018-05-01T12:38:42","modified_gmt":"2018-05-01T12:38:42","slug":"2123","status":"publish","type":"post","link":"https:\/\/www.hwv-ammerbuch.de\/?p=2123","title":{"rendered":""},"content":{"rendered":"<h2>H\u00fcttenbetrieb Dienstagstreff<\/h2>\n<p>Der n\u00e4chste Dienstagstreff findet am 08.05.2018 ab 15:00 Uhr in der Palmbergh\u00fctte statt.\u00a0Auf viele gutgelaunte G\u00e4ste freuen sich Moni, Gabi und Wolfgang.<\/p>\n<p style=\"text-align: right;\">Katrin Flaisch | Schriftf\u00fchrerin<\/p>\n","protected":false},"excerpt":{"rendered":"<p>H\u00fcttenbetrieb Dienstagstreff Der n\u00e4chste Dienstagstreff findet am 08.05.2018 ab 15:00 Uhr in der Palmbergh\u00fctte statt.\u00a0Auf viele gutgelaunte G\u00e4ste freuen sich Moni, Gabi und Wolfgang. Katrin Flaisch | Schriftf\u00fchrerin<\/p>\n","protected":false},"author":1,"featured_media":0,"comment_status":"closed","ping_status":"closed","sticky":false,"template":"","format":"standard","meta":{"footnotes":""},"categories":[1],"tags":[],"class_list":["post-2123","post","type-post","status-publish","format-standard","hentry","category-aktuelles","no-thumb"],"_links":{"self":[{"href":"https:\/\/www.hwv-ammerbuch.de\/index.php?rest_route=\/wp\/v2\/posts\/2123","targetHints":{"allow":["GET"]}}],"collection":[{"href":"https:\/\/www.hwv-ammerbuch.de\/index.php?rest_route=\/wp\/v2\/posts"}],"about":[{"href":"https:\/\/www.hwv-ammerbuch.de\/index.php?rest_route=\/wp\/v2\/types\/post"}],"author":[{"embeddable":true,"href":"https:\/\/www.hwv-ammerbuch.de\/index.php?rest_route=\/wp\/v2\/users\/1"}],"replies":[{"embeddable":true,"href":"https:\/\/www.hwv-ammerbuch.de\/index.php?rest_route=%2Fwp%2Fv2%2Fcomments&post=2123"}],"version-history":[{"count":1,"href":"https:\/\/www.hwv-ammerbuch.de\/index.php?rest_route=\/wp\/v2\/posts\/2123\/revisions"}],"predecessor-version":[{"id":2124,"href":"https:\/\/www.hwv-ammerbuch.de\/index.php?rest_route=\/wp\/v2\/posts\/2123\/revisions\/2124"}],"wp:attachment":[{"href":"https:\/\/www.hwv-ammerbuch.de\/index.php?rest_route=%2Fwp%2Fv2%2Fmedia&parent=2123"}],"wp:term":[{"taxonomy":"category","embeddable":true,"href":"https:\/\/www.hwv-ammerbuch.de\/index.php?rest_route=%2Fwp%2Fv2%2Fcategories&post=2123"},{"taxonomy":"post_tag","embeddable":true,"href":"https:\/\/www.hwv-ammerbuch.de\/index.php?rest_route=%2Fwp%2Fv2%2Ftags&post=2123"}],"curies":[{"name":"wp","href":"https:\/\/api.w.org\/{rel}","templated":true}]}}