{"id":2110,"date":"2018-04-10T21:47:11","date_gmt":"2018-04-10T21:47:11","guid":{"rendered":"http:\/\/wp.hwv-ammerbuch.de\/?p=2110"},"modified":"2018-04-10T21:47:11","modified_gmt":"2018-04-10T21:47:11","slug":"2110","status":"publish","type":"post","link":"https:\/\/www.hwv-ammerbuch.de\/?p=2110","title":{"rendered":""},"content":{"rendered":"<h2>Hallo Jugendliche des Jahrgangs 2000\/2001<\/h2>\n<p>Traditionellerweise helfen die Jugendlichen bei der Maibaumaufstellung. Wir wollen gemeinsam mit Euch den Baum schm\u00fccken und treffen uns dazu am Montag den 30.04.2018 ab 16 Uhr am H\u00fclenplatz in Poltringen (Entringerstra\u00dfe gegen\u00fcber Flaschnerei Sailer). Um 19 Uhr ist es dann soweit, der Maibaum wird mit Beteiligung der Freiwilligen Feuerwehr Poltringen und musikalischer Umrahmung durch den \u201eBlechhaufa\u201c aufgestellt.<br \/>\nIhr seid herzlich eingeladen zur Maibaumaufstellung. Also zeigt was in Euch steckt, wir freuen uns auf euch!<br \/>\nLeider haben wir nicht alle Adressen. Es w\u00e4re nett, wenn ihr euren Jahrg\u00e4ngern\/innen Bescheid geben k\u00f6nnt. &#8222;Zugezogene&#8220; sind nat\u00fcrlich herzlich willkommen. Bitte meldet Euch bei Margot Sailer (07073\/2127)<\/p>\n<h2>Do ganget mir nah<\/h2>\n<p><span style=\"color: #000000;\">30. April 19:00 Uhr Maibaumaufstellen<br \/>\n<\/span>Mit der freiwilligen Feuerwehr Poltringen,<br \/>\nden Jahrg\u00e4nger\/innen 2000\/2001<br \/>\nund dem \u201eBlechhaufa\u201c<\/p>\n<p style=\"text-align: right;\">Katrin Flaisch | Schriftf\u00fchrerin<\/p>\n<h2>M\u00e4rzenbecherwanderung am 25.03.2018<\/h2>\n<p>Eine kleine Wandergruppe machte sich am Sonntag 25.3. auf den Weg nach Lauterach. Die Parkpl\u00e4tze beim Wolfstal waren schon komplett belegt. Bei herrlichem Fr\u00fchlingswetter wanderten wir durch das Wolfstal vorbei am Meer von M\u00e4rzenbechern und den leuchtend roten Kelchbecherlingen. In Erbstetten machten wir am Backhaus eine kleine Rast und wanderten von dort weiter ins Mariental. Entlang dem sch\u00f6nen Lautertal, vorbei an den Levadas Richtung Endziel. Unsere Einkehr in der Laufenm\u00fchle war wegen \u00dcberf\u00fcllung etwas spartanisch, so dass wir unseren Abschluss im Hotel Hirsch in Mehrstetten machten. Danach ging es Richtung Heimat, wo wir gegen 18.00 Uhr zur\u00fcck waren.<\/p>\n<p style=\"text-align: right;\">Gerold Sailer | Wanderf\u00fchrer<\/p>\n","protected":false},"excerpt":{"rendered":"<p>Hallo Jugendliche des Jahrgangs 2000\/2001 Traditionellerweise helfen die Jugendlichen bei der Maibaumaufstellung. Wir wollen gemeinsam mit Euch den Baum schm\u00fccken und treffen uns dazu am Montag den 30.04.2018 ab 16 Uhr am H\u00fclenplatz in Poltringen (Entringerstra\u00dfe gegen\u00fcber Flaschnerei Sailer). Um 19 Uhr ist es dann soweit, der Maibaum wird mit Beteiligung der Freiwilligen Feuerwehr PoltringenContinue reading &rarr;<\/p>\n","protected":false},"author":1,"featured_media":0,"comment_status":"closed","ping_status":"closed","sticky":false,"template":"","format":"standard","meta":{"footnotes":""},"categories":[1],"tags":[],"class_list":["post-2110","post","type-post","status-publish","format-standard","hentry","category-aktuelles","no-thumb"],"_links":{"self":[{"href":"https:\/\/www.hwv-ammerbuch.de\/index.php?rest_route=\/wp\/v2\/posts\/2110","targetHints":{"allow":["GET"]}}],"collection":[{"href":"https:\/\/www.hwv-ammerbuch.de\/index.php?rest_route=\/wp\/v2\/posts"}],"about":[{"href":"https:\/\/www.hwv-ammerbuch.de\/index.php?rest_route=\/wp\/v2\/types\/post"}],"author":[{"embeddable":true,"href":"https:\/\/www.hwv-ammerbuch.de\/index.php?rest_route=\/wp\/v2\/users\/1"}],"replies":[{"embeddable":true,"href":"https:\/\/www.hwv-ammerbuch.de\/index.php?rest_route=%2Fwp%2Fv2%2Fcomments&post=2110"}],"version-history":[{"count":1,"href":"https:\/\/www.hwv-ammerbuch.de\/index.php?rest_route=\/wp\/v2\/posts\/2110\/revisions"}],"predecessor-version":[{"id":2111,"href":"https:\/\/www.hwv-ammerbuch.de\/index.php?rest_route=\/wp\/v2\/posts\/2110\/revisions\/2111"}],"wp:attachment":[{"href":"https:\/\/www.hwv-ammerbuch.de\/index.php?rest_route=%2Fwp%2Fv2%2Fmedia&parent=2110"}],"wp:term":[{"taxonomy":"category","embeddable":true,"href":"https:\/\/www.hwv-ammerbuch.de\/index.php?rest_route=%2Fwp%2Fv2%2Fcategories&post=2110"},{"taxonomy":"post_tag","embeddable":true,"href":"https:\/\/www.hwv-ammerbuch.de\/index.php?rest_route=%2Fwp%2Fv2%2Ftags&post=2110"}],"curies":[{"name":"wp","href":"https:\/\/api.w.org\/{rel}","templated":true}]}}