{"id":2108,"date":"2018-03-29T20:06:45","date_gmt":"2018-03-29T20:06:45","guid":{"rendered":"http:\/\/wp.hwv-ammerbuch.de\/?p=2108"},"modified":"2018-04-05T20:07:02","modified_gmt":"2018-04-05T20:07:02","slug":"2108","status":"publish","type":"post","link":"https:\/\/www.hwv-ammerbuch.de\/?p=2108","title":{"rendered":""},"content":{"rendered":"<h2>H\u00fcttenbetrieb Dienstagstreff<\/h2>\n<p>Der n\u00e4chste Dienstagstreff findet am 03.04.2018 ab 15:00 Uhr in der Palmbergh\u00fctte statt.\u00a0Auf viele gut gelaunte G\u00e4ste freuen sich Moni, Gabi und Wolfgang.<\/p>\n<h2>Ostergr\u00fc\u00dfe<\/h2>\n<p>Die Vorstandschaft w\u00fcnscht allen Mitgliedern und der gesamten Einwohnerschaft ein frohes Osterfest.<\/p>\n<h2>Arbeitseinsatz<\/h2>\n<p>Am Freitag 06.04.2018 werden wir ab 14 Uhr auf unserem Vereinsgel\u00e4nde dringend notwendige Arbeiten durchf\u00fchren.<br \/>\nBitte liebe Vereinsmitglieder haltet diesen Termin in Eurem Terminkalender fest und unterst\u00fctzt mit Eurem Einsatz die\u00a0Erhaltung unserer Vereinseinrichtungen.<\/p>\n<p style=\"text-align: right;\"><span style=\"font-weight: 300;\">Katrin Flaisch | Schriftf\u00fchrerin<\/span><\/p>\n","protected":false},"excerpt":{"rendered":"<p>H\u00fcttenbetrieb Dienstagstreff Der n\u00e4chste Dienstagstreff findet am 03.04.2018 ab 15:00 Uhr in der Palmbergh\u00fctte statt.\u00a0Auf viele gut gelaunte G\u00e4ste freuen sich Moni, Gabi und Wolfgang. Ostergr\u00fc\u00dfe Die Vorstandschaft w\u00fcnscht allen Mitgliedern und der gesamten Einwohnerschaft ein frohes Osterfest. Arbeitseinsatz Am Freitag 06.04.2018 werden wir ab 14 Uhr auf unserem Vereinsgel\u00e4nde dringend notwendige Arbeiten durchf\u00fchren. BitteContinue reading &rarr;<\/p>\n","protected":false},"author":1,"featured_media":0,"comment_status":"closed","ping_status":"closed","sticky":false,"template":"","format":"standard","meta":{"footnotes":""},"categories":[1],"tags":[],"class_list":["post-2108","post","type-post","status-publish","format-standard","hentry","category-aktuelles","no-thumb"],"_links":{"self":[{"href":"https:\/\/www.hwv-ammerbuch.de\/index.php?rest_route=\/wp\/v2\/posts\/2108","targetHints":{"allow":["GET"]}}],"collection":[{"href":"https:\/\/www.hwv-ammerbuch.de\/index.php?rest_route=\/wp\/v2\/posts"}],"about":[{"href":"https:\/\/www.hwv-ammerbuch.de\/index.php?rest_route=\/wp\/v2\/types\/post"}],"author":[{"embeddable":true,"href":"https:\/\/www.hwv-ammerbuch.de\/index.php?rest_route=\/wp\/v2\/users\/1"}],"replies":[{"embeddable":true,"href":"https:\/\/www.hwv-ammerbuch.de\/index.php?rest_route=%2Fwp%2Fv2%2Fcomments&post=2108"}],"version-history":[{"count":1,"href":"https:\/\/www.hwv-ammerbuch.de\/index.php?rest_route=\/wp\/v2\/posts\/2108\/revisions"}],"predecessor-version":[{"id":2109,"href":"https:\/\/www.hwv-ammerbuch.de\/index.php?rest_route=\/wp\/v2\/posts\/2108\/revisions\/2109"}],"wp:attachment":[{"href":"https:\/\/www.hwv-ammerbuch.de\/index.php?rest_route=%2Fwp%2Fv2%2Fmedia&parent=2108"}],"wp:term":[{"taxonomy":"category","embeddable":true,"href":"https:\/\/www.hwv-ammerbuch.de\/index.php?rest_route=%2Fwp%2Fv2%2Fcategories&post=2108"},{"taxonomy":"post_tag","embeddable":true,"href":"https:\/\/www.hwv-ammerbuch.de\/index.php?rest_route=%2Fwp%2Fv2%2Ftags&post=2108"}],"curies":[{"name":"wp","href":"https:\/\/api.w.org\/{rel}","templated":true}]}}