{"id":2092,"date":"2018-03-21T12:31:10","date_gmt":"2018-03-21T12:31:10","guid":{"rendered":"http:\/\/wp.hwv-ammerbuch.de\/?p=2092"},"modified":"2018-03-21T12:36:11","modified_gmt":"2018-03-21T12:36:11","slug":"2092","status":"publish","type":"post","link":"https:\/\/www.hwv-ammerbuch.de\/?p=2092","title":{"rendered":""},"content":{"rendered":"<h2><strong>Wanderung M\u00e4rzenbecherbl\u00fcte<\/strong><\/h2>\n<p>Liebe Vereinsmitglieder des HWV,<br \/>\nam Sonntag, den 25. M\u00e4rz 2018 fahren wir in das Gro\u00dfe Lautertal auf die Schw\u00e4bische Alb. Unsere Wanderung f\u00fchrt uns vorbei an Felsen, H\u00f6hlen und einem wei\u00dfen Teppich aus M\u00e4rzenbechern durch das Wolfstal. Richtung Erbstetten ins Mariental, weiter ins Lautertal entlang der Lauterschleifen, mit Blick auf die Burg Reichenstein und sogar eine Levada. Entlang der Lauter f\u00fchrt uns der Weg zur Laufenm\u00fchle (evtl. kurze Einkehr) und dann zur\u00fcck zum Ausgangspunkt. Den Abschluss wollen wir im Hofgut Dom\u00e4ne in Hechingen machen.<br \/>\nAbfahrt um 10:00 Uhr in Fahrgemeinschaften am Feuerwehrmagazin Poltringen.<br \/>\nWanderung ca. 3 h, nur kurze und geringe Anstiege.<\/p>\n<p style=\"text-align: right;\">Gerold Sailer |\u00a0 Wanderf\u00fchrer<\/p>\n<h2><strong>Jahreshauptversammlung<\/strong><\/h2>\n<p>Bei der Jahreshauptversammlung am 02.03.2018 haben die anwesenden 27 Mitglieder die zur Wahl stehenden Posten gew\u00e4hlt. In Ihren \u00c4mtern best\u00e4tigt wurden 1. Vorsitzende Margot Sailer, Kassiererin Monika Mang und H\u00fcttenwart Wolfgang Mang. Neugew\u00e4hlt wurde Matth\u00e4us Sailer als Jugendleiter. Der Posten Platzwart\/in konnte leider nicht belegt werden.<br \/>\nIn ihrem Bericht erw\u00e4hnte die 1. Vorsitzende Margot Sailer die regen Vereinsaktivit\u00e4ten im vergangenen Jahr. Die zahlreichen Vereinsveranstaltungen wurden Dank der flei\u00dfigen Helfer aus dem Kreise der Mitglieder, ebenso erfolgreich durchgef\u00fchrt wie die Vereinswanderungen und die Arbeitseins\u00e4tze auf dem Vereinsgel\u00e4nde und an der Palmbergh\u00fctte. Gro\u00dfes Lob gab es f\u00fcr die Posteninhaber des Vorstandes und des Ausschusses. Der anwesende Ortsvorsteher Herr Reinhold Hess bescheinigte der Vereinsleitung hervorragende Arbeit und empfahl der Versammlung die Entlastung der gesamten Vorstandschaft. Die Entlastung endete mit einer einstimmigen Best\u00e4tigung.<br \/>\nDer 1. H\u00fcttenwart Wolfgang Mang berichtete \u00fcber erfolgreich durchgef\u00fchrte H\u00fcttenvermietungen und die eigenen H\u00fctten\u00f6ffnungstermine.<br \/>\nKulturwartin Anneliese Schoensee berichtete vom Maibaumaufstellen, der Sonnwendfeier und den Besuchen bei den Jubilaren des Vereins.<br \/>\nWanderwart Gerold Sailer berichtete \u00fcber die durchgef\u00fchrten Wanderveranstaltungen und zeigte Bilder von denselben. Am Ende stellte er den Mitgliedern das Projekt \u201eSchutz\u00fcberdachung\u201c vor.<br \/>\nK\u00e4the Popp wurde f\u00fcr 40 Jahre Vereinszugeh\u00f6rigkeit geehrt. Matth\u00e4us Sailer und Valentina Sailer wurden f\u00fcr 25 Jahre Vereinszugeh\u00f6rigkeit geehrt.<\/p>\n<div id=\"attachment_2096\" style=\"width: 310px\" class=\"wp-caption alignnone\"><a href=\"http:\/\/wp.hwv-ammerbuch.de\/wp-content\/uploads\/2018\/03\/20180302_205732-15.jpg\"><img loading=\"lazy\" decoding=\"async\" aria-describedby=\"caption-attachment-2096\" class=\"size-medium wp-image-2096\" alt=\"K\u00e4the Popp (2. von rechts)wurde f\u00fcr 40 Jahre Vereinszugeh\u00f6rigkeit geehrt. Matth\u00e4us Sailer und Valentina Sailer (2te u. 3te von links) wurden f\u00fcr 25 Jahre Vereinszugeh\u00f6rigkeit geehrt.\" src=\"http:\/\/wp.hwv-ammerbuch.de\/wp-content\/uploads\/2018\/03\/20180302_205732-15-300x225.jpg\" width=\"300\" height=\"225\" srcset=\"https:\/\/www.hwv-ammerbuch.de\/wp-content\/uploads\/2018\/03\/20180302_205732-15-300x225.jpg 300w, https:\/\/www.hwv-ammerbuch.de\/wp-content\/uploads\/2018\/03\/20180302_205732-15-1024x768.jpg 1024w, https:\/\/www.hwv-ammerbuch.de\/wp-content\/uploads\/2018\/03\/20180302_205732-15-400x300.jpg 400w, https:\/\/www.hwv-ammerbuch.de\/wp-content\/uploads\/2018\/03\/20180302_205732-15.jpg 1500w\" sizes=\"auto, (max-width: 300px) 100vw, 300px\" \/><\/a><p id=\"caption-attachment-2096\" class=\"wp-caption-text\">K\u00e4the Popp (2te von rechts) wurde f\u00fcr 40 Jahre Vereinszugeh\u00f6rigkeit geehrt. Matth\u00e4us Sailer und Valentina Sailer (2te u. 3te von links) wurden f\u00fcr 25 Jahre Vereinszugeh\u00f6rigkeit geehrt.<\/p><\/div>\n<h2><strong>Arbeitseinsatz<\/strong><\/h2>\n<p><strong><\/strong>Am Freitag 06.04.2018 werden wir ab 14 Uhr auf unserem Vereinsgel\u00e4nde dringend notwendige Arbeiten durchf\u00fchren. Bitte liebe Vereinsmitglieder haltet diesen Termin in Eurem Terminkalender fest und unterst\u00fctzt mit Eurem Einsatz die Erhaltung unserer Vereinseinrichtungen.<\/p>\n<p style=\"text-align: right;\">Katrin Flaisch | Schriftf\u00fchrerin<\/p>\n","protected":false},"excerpt":{"rendered":"<p>Wanderung M\u00e4rzenbecherbl\u00fcte Liebe Vereinsmitglieder des HWV, am Sonntag, den 25. M\u00e4rz 2018 fahren wir in das Gro\u00dfe Lautertal auf die Schw\u00e4bische Alb. Unsere Wanderung f\u00fchrt uns vorbei an Felsen, H\u00f6hlen und einem wei\u00dfen Teppich aus M\u00e4rzenbechern durch das Wolfstal. Richtung Erbstetten ins Mariental, weiter ins Lautertal entlang der Lauterschleifen, mit Blick auf die Burg ReichensteinContinue reading &rarr;<\/p>\n","protected":false},"author":1,"featured_media":0,"comment_status":"closed","ping_status":"closed","sticky":false,"template":"","format":"standard","meta":{"footnotes":""},"categories":[1],"tags":[],"class_list":["post-2092","post","type-post","status-publish","format-standard","hentry","category-aktuelles","no-thumb"],"_links":{"self":[{"href":"https:\/\/www.hwv-ammerbuch.de\/index.php?rest_route=\/wp\/v2\/posts\/2092","targetHints":{"allow":["GET"]}}],"collection":[{"href":"https:\/\/www.hwv-ammerbuch.de\/index.php?rest_route=\/wp\/v2\/posts"}],"about":[{"href":"https:\/\/www.hwv-ammerbuch.de\/index.php?rest_route=\/wp\/v2\/types\/post"}],"author":[{"embeddable":true,"href":"https:\/\/www.hwv-ammerbuch.de\/index.php?rest_route=\/wp\/v2\/users\/1"}],"replies":[{"embeddable":true,"href":"https:\/\/www.hwv-ammerbuch.de\/index.php?rest_route=%2Fwp%2Fv2%2Fcomments&post=2092"}],"version-history":[{"count":8,"href":"https:\/\/www.hwv-ammerbuch.de\/index.php?rest_route=\/wp\/v2\/posts\/2092\/revisions"}],"predecessor-version":[{"id":2101,"href":"https:\/\/www.hwv-ammerbuch.de\/index.php?rest_route=\/wp\/v2\/posts\/2092\/revisions\/2101"}],"wp:attachment":[{"href":"https:\/\/www.hwv-ammerbuch.de\/index.php?rest_route=%2Fwp%2Fv2%2Fmedia&parent=2092"}],"wp:term":[{"taxonomy":"category","embeddable":true,"href":"https:\/\/www.hwv-ammerbuch.de\/index.php?rest_route=%2Fwp%2Fv2%2Fcategories&post=2092"},{"taxonomy":"post_tag","embeddable":true,"href":"https:\/\/www.hwv-ammerbuch.de\/index.php?rest_route=%2Fwp%2Fv2%2Ftags&post=2092"}],"curies":[{"name":"wp","href":"https:\/\/api.w.org\/{rel}","templated":true}]}}