{"id":2078,"date":"2018-02-21T09:01:29","date_gmt":"2018-02-21T09:01:29","guid":{"rendered":"http:\/\/wp.hwv-ammerbuch.de\/?p=2078"},"modified":"2018-03-01T09:03:35","modified_gmt":"2018-03-01T09:03:35","slug":"2078","status":"publish","type":"post","link":"https:\/\/www.hwv-ammerbuch.de\/?p=2078","title":{"rendered":""},"content":{"rendered":"<div>\n<p><strong>Einladung zur Jahreshauptversammlung<\/strong><\/p>\n<p>Am Freitag 02.03.2018<\/p>\n<p>In der Palmbergh\u00fctte Poltringen<\/p>\n<p>Beginn:\u00a020:00 Uhr<\/p>\n<p>Tagesordnung:<\/p>\n<div>1. Begr\u00fc\u00dfung durch die 1. Vorsitzende und Bericht<\/div>\n<div>2. Bericht der Kassiererin<\/div>\n<div>3. Bericht der Kassenpr\u00fcferinnen<\/div>\n<div>4. Bericht der Schriftf\u00fchrerin<\/div>\n<div>5. Bericht des H\u00fcttenwartes<\/div>\n<div>6. Bericht der Kulturwartin<\/div>\n<div>7. Bericht des Wanderwartes<\/div>\n<div>8. Entlastungen<\/div>\n<div>9. Ehrungen<\/div>\n<div>&#8211; Pause &#8211;<\/div>\n<div>10. Neuwahlen<\/div>\n<div>11. Antr\u00e4ge\/Verschiedenes<\/div>\n<p>Antr\u00e4ge zur Tagesordnung sind bis sp\u00e4testens 22.2.2018 an die 1. Vorsitzende Margot Sailer zu richten.<\/p>\n<p style=\"text-align: right;\">Katrin Flaisch | Schriftf\u00fchrerin<\/p>\n<\/div>\n","protected":false},"excerpt":{"rendered":"<p>Einladung zur Jahreshauptversammlung Am Freitag 02.03.2018 In der Palmbergh\u00fctte Poltringen Beginn:\u00a020:00 Uhr Tagesordnung: 1. Begr\u00fc\u00dfung durch die 1. Vorsitzende und Bericht 2. Bericht der Kassiererin 3. Bericht der Kassenpr\u00fcferinnen 4. Bericht der Schriftf\u00fchrerin 5. Bericht des H\u00fcttenwartes 6. Bericht der Kulturwartin 7. Bericht des Wanderwartes 8. Entlastungen 9. Ehrungen &#8211; Pause &#8211; 10. Neuwahlen 11.Continue reading &rarr;<\/p>\n","protected":false},"author":1,"featured_media":0,"comment_status":"closed","ping_status":"closed","sticky":false,"template":"","format":"standard","meta":{"footnotes":""},"categories":[1],"tags":[],"class_list":["post-2078","post","type-post","status-publish","format-standard","hentry","category-aktuelles","no-thumb"],"_links":{"self":[{"href":"https:\/\/www.hwv-ammerbuch.de\/index.php?rest_route=\/wp\/v2\/posts\/2078","targetHints":{"allow":["GET"]}}],"collection":[{"href":"https:\/\/www.hwv-ammerbuch.de\/index.php?rest_route=\/wp\/v2\/posts"}],"about":[{"href":"https:\/\/www.hwv-ammerbuch.de\/index.php?rest_route=\/wp\/v2\/types\/post"}],"author":[{"embeddable":true,"href":"https:\/\/www.hwv-ammerbuch.de\/index.php?rest_route=\/wp\/v2\/users\/1"}],"replies":[{"embeddable":true,"href":"https:\/\/www.hwv-ammerbuch.de\/index.php?rest_route=%2Fwp%2Fv2%2Fcomments&post=2078"}],"version-history":[{"count":1,"href":"https:\/\/www.hwv-ammerbuch.de\/index.php?rest_route=\/wp\/v2\/posts\/2078\/revisions"}],"predecessor-version":[{"id":2079,"href":"https:\/\/www.hwv-ammerbuch.de\/index.php?rest_route=\/wp\/v2\/posts\/2078\/revisions\/2079"}],"wp:attachment":[{"href":"https:\/\/www.hwv-ammerbuch.de\/index.php?rest_route=%2Fwp%2Fv2%2Fmedia&parent=2078"}],"wp:term":[{"taxonomy":"category","embeddable":true,"href":"https:\/\/www.hwv-ammerbuch.de\/index.php?rest_route=%2Fwp%2Fv2%2Fcategories&post=2078"},{"taxonomy":"post_tag","embeddable":true,"href":"https:\/\/www.hwv-ammerbuch.de\/index.php?rest_route=%2Fwp%2Fv2%2Ftags&post=2078"}],"curies":[{"name":"wp","href":"https:\/\/api.w.org\/{rel}","templated":true}]}}