{"id":2041,"date":"2017-12-21T08:42:40","date_gmt":"2017-12-21T08:42:40","guid":{"rendered":"http:\/\/wp.hwv-ammerbuch.de\/?p=2041"},"modified":"2017-12-26T09:17:19","modified_gmt":"2017-12-26T09:17:19","slug":"2041","status":"publish","type":"post","link":"https:\/\/www.hwv-ammerbuch.de\/?p=2041","title":{"rendered":""},"content":{"rendered":"<div><strong>Weihnachts- und Neujahrsgr\u00fc\u00dfe<\/strong><\/div>\n<div><b>D<\/b>ie Vorstandschaft des Heimat- und Wanderverein Ammerbuch e. V. w\u00fcnscht allen Mitgliedern und der gesamten Einwohnerschaft ein gesegnetes Weihnachtsfest und einen guten Rutsch und viel Gl\u00fcck und Gesundheit im neuen Jahr.<\/div>\n<div><\/div>\n<div><strong>Preisbinokel<\/strong><\/div>\n<div>Am Freitag 05.01.2018\u00a0findet\u00a0ab 19:00 Uhr\u00a0ein Preisbinokel statt. Die Palmbergh\u00fctte ist\u00a0ab 18:00 Uhr\u00a0ge\u00f6ffnet. Es gibt Geld- und Sachpreise zu gewinnen.<\/div>\n<div><\/div>\n<div style=\"text-align: right;\">Katrin Flaisch | Schriftf\u00fchrerin<\/div>\n","protected":false},"excerpt":{"rendered":"<p>Weihnachts- und Neujahrsgr\u00fc\u00dfe Die Vorstandschaft des Heimat- und Wanderverein Ammerbuch e. V. w\u00fcnscht allen Mitgliedern und der gesamten Einwohnerschaft ein gesegnetes Weihnachtsfest und einen guten Rutsch und viel Gl\u00fcck und Gesundheit im neuen Jahr. Preisbinokel Am Freitag 05.01.2018\u00a0findet\u00a0ab 19:00 Uhr\u00a0ein Preisbinokel statt. Die Palmbergh\u00fctte ist\u00a0ab 18:00 Uhr\u00a0ge\u00f6ffnet. Es gibt Geld- und Sachpreise zu gewinnen. KatrinContinue reading &rarr;<\/p>\n","protected":false},"author":1,"featured_media":0,"comment_status":"closed","ping_status":"closed","sticky":false,"template":"","format":"standard","meta":{"footnotes":""},"categories":[1],"tags":[],"class_list":["post-2041","post","type-post","status-publish","format-standard","hentry","category-aktuelles","no-thumb"],"_links":{"self":[{"href":"https:\/\/www.hwv-ammerbuch.de\/index.php?rest_route=\/wp\/v2\/posts\/2041","targetHints":{"allow":["GET"]}}],"collection":[{"href":"https:\/\/www.hwv-ammerbuch.de\/index.php?rest_route=\/wp\/v2\/posts"}],"about":[{"href":"https:\/\/www.hwv-ammerbuch.de\/index.php?rest_route=\/wp\/v2\/types\/post"}],"author":[{"embeddable":true,"href":"https:\/\/www.hwv-ammerbuch.de\/index.php?rest_route=\/wp\/v2\/users\/1"}],"replies":[{"embeddable":true,"href":"https:\/\/www.hwv-ammerbuch.de\/index.php?rest_route=%2Fwp%2Fv2%2Fcomments&post=2041"}],"version-history":[{"count":6,"href":"https:\/\/www.hwv-ammerbuch.de\/index.php?rest_route=\/wp\/v2\/posts\/2041\/revisions"}],"predecessor-version":[{"id":2049,"href":"https:\/\/www.hwv-ammerbuch.de\/index.php?rest_route=\/wp\/v2\/posts\/2041\/revisions\/2049"}],"wp:attachment":[{"href":"https:\/\/www.hwv-ammerbuch.de\/index.php?rest_route=%2Fwp%2Fv2%2Fmedia&parent=2041"}],"wp:term":[{"taxonomy":"category","embeddable":true,"href":"https:\/\/www.hwv-ammerbuch.de\/index.php?rest_route=%2Fwp%2Fv2%2Fcategories&post=2041"},{"taxonomy":"post_tag","embeddable":true,"href":"https:\/\/www.hwv-ammerbuch.de\/index.php?rest_route=%2Fwp%2Fv2%2Ftags&post=2041"}],"curies":[{"name":"wp","href":"https:\/\/api.w.org\/{rel}","templated":true}]}}