{"id":2031,"date":"2017-10-02T10:07:02","date_gmt":"2017-10-02T10:07:02","guid":{"rendered":"http:\/\/wp.hwv-ammerbuch.de\/?p=2031"},"modified":"2017-11-26T10:11:01","modified_gmt":"2017-11-26T10:11:01","slug":"2031","status":"publish","type":"post","link":"https:\/\/www.hwv-ammerbuch.de\/?p=2031","title":{"rendered":""},"content":{"rendered":"<p><strong>Fr\u00fchwanderung zur Schaukanzel (Hirschbrunft) am Samstag den 23.09.17<\/strong><\/p>\n<p><a href=\"http:\/\/wp.hwv-ammerbuch.de\/wp-content\/uploads\/2017\/11\/hwv-Hirschbrunft-2017-klein-1.jpg\"><img loading=\"lazy\" decoding=\"async\" class=\"alignnone size-medium wp-image-2032\" alt=\"hwv Hirschbrunft 2017-klein (1)\" src=\"http:\/\/wp.hwv-ammerbuch.de\/wp-content\/uploads\/2017\/11\/hwv-Hirschbrunft-2017-klein-1-300x224.jpg\" width=\"300\" height=\"224\" srcset=\"https:\/\/www.hwv-ammerbuch.de\/wp-content\/uploads\/2017\/11\/hwv-Hirschbrunft-2017-klein-1-300x224.jpg 300w, https:\/\/www.hwv-ammerbuch.de\/wp-content\/uploads\/2017\/11\/hwv-Hirschbrunft-2017-klein-1-1024x767.jpg 1024w, https:\/\/www.hwv-ammerbuch.de\/wp-content\/uploads\/2017\/11\/hwv-Hirschbrunft-2017-klein-1-400x300.jpg 400w, https:\/\/www.hwv-ammerbuch.de\/wp-content\/uploads\/2017\/11\/hwv-Hirschbrunft-2017-klein-1.jpg 1063w\" sizes=\"auto, (max-width: 300px) 100vw, 300px\" \/><\/a><\/p>\n<p>P\u00fcnktlich um 5:30 Uhr machten wir uns auf den Weg zur Hirschbrunft in den Sch\u00f6nbuch. Bereits bei der Anfahrt mussten wir aufpassen, dass wir nicht das erste Reh \u00fcberfahren.<br \/>\nAusgestattet mit Taschenlampen wanderten wir zur Schaukanzel. Unterwegs konnten wir bereits die ersten Hirschrufe vernehmen. Als wir am Ziel angekommen waren, war das erste Rotwild Rudel bereits im Gange. Die Hirsche verteidigten ihre Rudel mit lautem r\u00f6hren. Nach diesem sch\u00f6nen Erlebnis am fr\u00fchen Morgen, machten wir uns auf den R\u00fcckweg. Am Saugatter konnten wir noch einige Frischlinge aufmachen. Auf der gegen\u00fcberliegenden Anh\u00f6he sonnte sich bereits ein weiteres Rotwild Rudel. Nun ging es aber zur\u00fcck zum Auto und direkt zu unserem obligatorischen Fr\u00fchst\u00fcck ins Hotel Schmoll, welches wie immer sehr sch\u00f6n war.<\/p>\n<p style=\"text-align: right;\">Wanderf\u00fchrer | Gerold Sailer<\/p>\n<p><strong>H\u00fcttenbetrieb Dienstagstreff<\/strong><br \/>\nDer n\u00e4chste Dienstagstreff findet am 10.10.2017 ab 15:00 Uhr in der Palmbergh\u00fctte statt.\u00a0Auf viele gutgelaunte G\u00e4ste freuen sich Moni, Gabi und Wolfgang.<\/p>\n<p style=\"text-align: right;\">Katrin Flaisch | Schriftf\u00fchrerin<\/p>\n","protected":false},"excerpt":{"rendered":"<p>Fr\u00fchwanderung zur Schaukanzel (Hirschbrunft) am Samstag den 23.09.17 P\u00fcnktlich um 5:30 Uhr machten wir uns auf den Weg zur Hirschbrunft in den Sch\u00f6nbuch. Bereits bei der Anfahrt mussten wir aufpassen, dass wir nicht das erste Reh \u00fcberfahren. Ausgestattet mit Taschenlampen wanderten wir zur Schaukanzel. Unterwegs konnten wir bereits die ersten Hirschrufe vernehmen. Als wir amContinue reading &rarr;<\/p>\n","protected":false},"author":1,"featured_media":0,"comment_status":"closed","ping_status":"closed","sticky":false,"template":"","format":"standard","meta":{"footnotes":""},"categories":[1],"tags":[],"class_list":["post-2031","post","type-post","status-publish","format-standard","hentry","category-aktuelles","no-thumb"],"_links":{"self":[{"href":"https:\/\/www.hwv-ammerbuch.de\/index.php?rest_route=\/wp\/v2\/posts\/2031","targetHints":{"allow":["GET"]}}],"collection":[{"href":"https:\/\/www.hwv-ammerbuch.de\/index.php?rest_route=\/wp\/v2\/posts"}],"about":[{"href":"https:\/\/www.hwv-ammerbuch.de\/index.php?rest_route=\/wp\/v2\/types\/post"}],"author":[{"embeddable":true,"href":"https:\/\/www.hwv-ammerbuch.de\/index.php?rest_route=\/wp\/v2\/users\/1"}],"replies":[{"embeddable":true,"href":"https:\/\/www.hwv-ammerbuch.de\/index.php?rest_route=%2Fwp%2Fv2%2Fcomments&post=2031"}],"version-history":[{"count":3,"href":"https:\/\/www.hwv-ammerbuch.de\/index.php?rest_route=\/wp\/v2\/posts\/2031\/revisions"}],"predecessor-version":[{"id":2036,"href":"https:\/\/www.hwv-ammerbuch.de\/index.php?rest_route=\/wp\/v2\/posts\/2031\/revisions\/2036"}],"wp:attachment":[{"href":"https:\/\/www.hwv-ammerbuch.de\/index.php?rest_route=%2Fwp%2Fv2%2Fmedia&parent=2031"}],"wp:term":[{"taxonomy":"category","embeddable":true,"href":"https:\/\/www.hwv-ammerbuch.de\/index.php?rest_route=%2Fwp%2Fv2%2Fcategories&post=2031"},{"taxonomy":"post_tag","embeddable":true,"href":"https:\/\/www.hwv-ammerbuch.de\/index.php?rest_route=%2Fwp%2Fv2%2Ftags&post=2031"}],"curies":[{"name":"wp","href":"https:\/\/api.w.org\/{rel}","templated":true}]}}