{"id":2024,"date":"2017-09-13T10:05:15","date_gmt":"2017-09-13T10:05:15","guid":{"rendered":"http:\/\/wp.hwv-ammerbuch.de\/?p=2024"},"modified":"2017-11-26T10:05:27","modified_gmt":"2017-11-26T10:05:27","slug":"2024","status":"publish","type":"post","link":"https:\/\/www.hwv-ammerbuch.de\/?p=2024","title":{"rendered":""},"content":{"rendered":"<p><strong>Hirschbrunft<\/strong><br \/>\nAm Samstag 23.09.2017 wandern wir wieder fr\u00fch am Morgen zur Hirschbrunft in den Sch\u00f6nbuch. Abfahrt und Treffpunkte folgen im n\u00e4chsten Gemeindeboten.<\/p>\n<p><strong>Neuer Wein und Zwiebelkuchen aus\u2018m Backh\u00e4usle<\/strong><br \/>\nAm Sonntag 01.10.2017 gibt es zum neuen Wein wieder leckeren Zwiebelkuchen aus\u2019m Backh\u00e4usle.<\/p>\n<p><strong>Nachlese Sommergrillfest f\u00fcr Mitglieder<\/strong><br \/>\nViele Mitglieder sind bei unserem Sommergrillfest am 04.08.2017 zusammengekommen und haben gemeinsam gegrillt, gelacht, geschw\u00e4tzt und gesungen. Die Glut wurde bei sch\u00f6nem Wetter ausgiebig genutzt um W\u00fcrste, Fleisch, Fisch und Gem\u00fcse zu grillen und am Salatb\u00fcffet hatten wir eine gro\u00dfe Auswahl. Vielen Dank an dieser Stelle an alle Salat-Spender!<\/p>\n<p><a href=\"http:\/\/wp.hwv-ammerbuch.de\/wp-content\/uploads\/2017\/11\/hwv-grillfest2017-1.jpg\"><img loading=\"lazy\" decoding=\"async\" class=\"alignnone size-medium wp-image-2026\" alt=\"hwv grillfest2017 (1)\" src=\"http:\/\/wp.hwv-ammerbuch.de\/wp-content\/uploads\/2017\/11\/hwv-grillfest2017-1-300x273.jpg\" width=\"300\" height=\"273\" srcset=\"https:\/\/www.hwv-ammerbuch.de\/wp-content\/uploads\/2017\/11\/hwv-grillfest2017-1-300x273.jpg 300w, https:\/\/www.hwv-ammerbuch.de\/wp-content\/uploads\/2017\/11\/hwv-grillfest2017-1-1024x933.jpg 1024w, https:\/\/www.hwv-ammerbuch.de\/wp-content\/uploads\/2017\/11\/hwv-grillfest2017-1-329x300.jpg 329w, https:\/\/www.hwv-ammerbuch.de\/wp-content\/uploads\/2017\/11\/hwv-grillfest2017-1.jpg 1063w\" sizes=\"auto, (max-width: 300px) 100vw, 300px\" \/><\/a><\/p>\n<p style=\"text-align: right;\">Katrin Flaisch | Schriftf\u00fchrerin<\/p>\n","protected":false},"excerpt":{"rendered":"<p>Hirschbrunft Am Samstag 23.09.2017 wandern wir wieder fr\u00fch am Morgen zur Hirschbrunft in den Sch\u00f6nbuch. Abfahrt und Treffpunkte folgen im n\u00e4chsten Gemeindeboten. Neuer Wein und Zwiebelkuchen aus\u2018m Backh\u00e4usle Am Sonntag 01.10.2017 gibt es zum neuen Wein wieder leckeren Zwiebelkuchen aus\u2019m Backh\u00e4usle. Nachlese Sommergrillfest f\u00fcr Mitglieder Viele Mitglieder sind bei unserem Sommergrillfest am 04.08.2017 zusammengekommen undContinue reading &rarr;<\/p>\n","protected":false},"author":1,"featured_media":0,"comment_status":"closed","ping_status":"closed","sticky":false,"template":"","format":"standard","meta":{"footnotes":""},"categories":[1],"tags":[],"class_list":["post-2024","post","type-post","status-publish","format-standard","hentry","category-aktuelles","no-thumb"],"_links":{"self":[{"href":"https:\/\/www.hwv-ammerbuch.de\/index.php?rest_route=\/wp\/v2\/posts\/2024","targetHints":{"allow":["GET"]}}],"collection":[{"href":"https:\/\/www.hwv-ammerbuch.de\/index.php?rest_route=\/wp\/v2\/posts"}],"about":[{"href":"https:\/\/www.hwv-ammerbuch.de\/index.php?rest_route=\/wp\/v2\/types\/post"}],"author":[{"embeddable":true,"href":"https:\/\/www.hwv-ammerbuch.de\/index.php?rest_route=\/wp\/v2\/users\/1"}],"replies":[{"embeddable":true,"href":"https:\/\/www.hwv-ammerbuch.de\/index.php?rest_route=%2Fwp%2Fv2%2Fcomments&post=2024"}],"version-history":[{"count":2,"href":"https:\/\/www.hwv-ammerbuch.de\/index.php?rest_route=\/wp\/v2\/posts\/2024\/revisions"}],"predecessor-version":[{"id":2028,"href":"https:\/\/www.hwv-ammerbuch.de\/index.php?rest_route=\/wp\/v2\/posts\/2024\/revisions\/2028"}],"wp:attachment":[{"href":"https:\/\/www.hwv-ammerbuch.de\/index.php?rest_route=%2Fwp%2Fv2%2Fmedia&parent=2024"}],"wp:term":[{"taxonomy":"category","embeddable":true,"href":"https:\/\/www.hwv-ammerbuch.de\/index.php?rest_route=%2Fwp%2Fv2%2Fcategories&post=2024"},{"taxonomy":"post_tag","embeddable":true,"href":"https:\/\/www.hwv-ammerbuch.de\/index.php?rest_route=%2Fwp%2Fv2%2Ftags&post=2024"}],"curies":[{"name":"wp","href":"https:\/\/api.w.org\/{rel}","templated":true}]}}