{"id":2022,"date":"2017-08-30T10:00:23","date_gmt":"2017-08-30T10:00:23","guid":{"rendered":"http:\/\/wp.hwv-ammerbuch.de\/?p=2022"},"modified":"2017-11-26T10:00:57","modified_gmt":"2017-11-26T10:00:57","slug":"2022","status":"publish","type":"post","link":"https:\/\/www.hwv-ammerbuch.de\/?p=2022","title":{"rendered":""},"content":{"rendered":"<p><strong>H\u00fcttenbetrieb Dienstagstreff<\/strong><br \/>\nDer n\u00e4chste Dienstagstreff findet am 05.09.2017 ab 15:00 Uhr in der Palmbergh\u00fctte statt.\u00a0Auf viele gutgelaunte G\u00e4ste freuen sich Moni, Gabi und Wolfgang.<\/p>\n<p><strong>Vorschau f\u00fcr September<\/strong><br \/>\n23.09.2017 Fr\u00fchwanderung zur Hirschbrunft mit Fr\u00fchst\u00fcck<\/p>\n<p style=\"text-align: right;\"><span style=\"font-weight: 300;\">Katrin Flaisch | Schriftf\u00fchrerin<\/span><\/p>\n","protected":false},"excerpt":{"rendered":"<p>H\u00fcttenbetrieb Dienstagstreff Der n\u00e4chste Dienstagstreff findet am 05.09.2017 ab 15:00 Uhr in der Palmbergh\u00fctte statt.\u00a0Auf viele gutgelaunte G\u00e4ste freuen sich Moni, Gabi und Wolfgang. Vorschau f\u00fcr September 23.09.2017 Fr\u00fchwanderung zur Hirschbrunft mit Fr\u00fchst\u00fcck Katrin Flaisch | Schriftf\u00fchrerin<\/p>\n","protected":false},"author":1,"featured_media":0,"comment_status":"closed","ping_status":"closed","sticky":false,"template":"","format":"standard","meta":{"footnotes":""},"categories":[1],"tags":[],"class_list":["post-2022","post","type-post","status-publish","format-standard","hentry","category-aktuelles","no-thumb"],"_links":{"self":[{"href":"https:\/\/www.hwv-ammerbuch.de\/index.php?rest_route=\/wp\/v2\/posts\/2022","targetHints":{"allow":["GET"]}}],"collection":[{"href":"https:\/\/www.hwv-ammerbuch.de\/index.php?rest_route=\/wp\/v2\/posts"}],"about":[{"href":"https:\/\/www.hwv-ammerbuch.de\/index.php?rest_route=\/wp\/v2\/types\/post"}],"author":[{"embeddable":true,"href":"https:\/\/www.hwv-ammerbuch.de\/index.php?rest_route=\/wp\/v2\/users\/1"}],"replies":[{"embeddable":true,"href":"https:\/\/www.hwv-ammerbuch.de\/index.php?rest_route=%2Fwp%2Fv2%2Fcomments&post=2022"}],"version-history":[{"count":1,"href":"https:\/\/www.hwv-ammerbuch.de\/index.php?rest_route=\/wp\/v2\/posts\/2022\/revisions"}],"predecessor-version":[{"id":2023,"href":"https:\/\/www.hwv-ammerbuch.de\/index.php?rest_route=\/wp\/v2\/posts\/2022\/revisions\/2023"}],"wp:attachment":[{"href":"https:\/\/www.hwv-ammerbuch.de\/index.php?rest_route=%2Fwp%2Fv2%2Fmedia&parent=2022"}],"wp:term":[{"taxonomy":"category","embeddable":true,"href":"https:\/\/www.hwv-ammerbuch.de\/index.php?rest_route=%2Fwp%2Fv2%2Fcategories&post=2022"},{"taxonomy":"post_tag","embeddable":true,"href":"https:\/\/www.hwv-ammerbuch.de\/index.php?rest_route=%2Fwp%2Fv2%2Ftags&post=2022"}],"curies":[{"name":"wp","href":"https:\/\/api.w.org\/{rel}","templated":true}]}}