{"id":2013,"date":"2017-07-17T11:07:55","date_gmt":"2017-07-17T11:07:55","guid":{"rendered":"http:\/\/wp.hwv-ammerbuch.de\/?p=2013"},"modified":"2017-07-18T00:02:02","modified_gmt":"2017-07-18T00:02:02","slug":"2013","status":"publish","type":"post","link":"https:\/\/www.hwv-ammerbuch.de\/?p=2013","title":{"rendered":""},"content":{"rendered":"<p><strong>Sommergrillfest f\u00fcr alle Mitglieder<\/strong><br \/>\nAm Freitag 04.08.2017 beginnt ab 17:00 Uhr unser Sommergrillfest f\u00fcr alle Mitglieder und Ihre Angeh\u00f6rigen. Wir freuen uns auf Euer kommen!<\/p>\n<p><strong>Nachlese Sonnwendfeier<\/strong><br \/>\nBei sch\u00f6nem Wetter und m\u00e4\u00dfigem Wind fand unsere diesj\u00e4hrige Sonnwendfeier statt.<br \/>\nNach der Begr\u00fc\u00dfung der G\u00e4ste, der Vertreter der \u00f6rtlichen Vereine und Ortsvorsteher Reinhold Hess durch unsere 1. Vorsitzende Margot Sailer wurde der Fackelverkauf gestartet. Nachdem alle Kinder mit Fackeln ausger\u00fcstet waren, wurde unter der Leitung von Marietta Sailer der Fackelzug gestartet. Gespannt haben sich die Kinder dann um das aufgeschichtete Holz des Sonnwendfeuers versammelt. Nach einem gemeinsam heruntergez\u00e4hlten Countdown wurde durch die Kinder das Feuer entz\u00fcndet. Wundersch\u00f6n war das Sonnwendfeuer, hell und warm, sehr warm wenn man zu dicht am Feuer stand, hat es gebrannt bis in die Nacht. Unser recycelter Maibaum in der Mitte des Feuers hat noch eine Weile durchgehalten, aber auch er musste sich dem Feuer geschlagen geben.<br \/>\nAnschlie\u00dfend haben wir am Feuer gemeinsam Lieder gesungen, wobei uns Egon Bischofberger auf der Gitarre begleitete.<br \/>\nVielen Dank an unsere Helfer die beim Auf- und Abbau geholfen haben und den Helfern in der Theke, am Wurststand, unsere flei\u00dfige Bedienung und allen anderen die im Hintergrund dazu beitrugen dass unsere Sonnwendfeier wieder erfolgreich verlaufen ist.<\/p>\n<p style=\"text-align: right;\">Katrin Flaisch | Schriftf\u00fchrerin<\/p>\n","protected":false},"excerpt":{"rendered":"<p>Sommergrillfest f\u00fcr alle Mitglieder Am Freitag 04.08.2017 beginnt ab 17:00 Uhr unser Sommergrillfest f\u00fcr alle Mitglieder und Ihre Angeh\u00f6rigen. Wir freuen uns auf Euer kommen! Nachlese Sonnwendfeier Bei sch\u00f6nem Wetter und m\u00e4\u00dfigem Wind fand unsere diesj\u00e4hrige Sonnwendfeier statt. Nach der Begr\u00fc\u00dfung der G\u00e4ste, der Vertreter der \u00f6rtlichen Vereine und Ortsvorsteher Reinhold Hess durch unsere 1.Continue reading &rarr;<\/p>\n","protected":false},"author":1,"featured_media":0,"comment_status":"closed","ping_status":"closed","sticky":false,"template":"","format":"standard","meta":{"footnotes":""},"categories":[1],"tags":[],"class_list":["post-2013","post","type-post","status-publish","format-standard","hentry","category-aktuelles","no-thumb"],"_links":{"self":[{"href":"https:\/\/www.hwv-ammerbuch.de\/index.php?rest_route=\/wp\/v2\/posts\/2013","targetHints":{"allow":["GET"]}}],"collection":[{"href":"https:\/\/www.hwv-ammerbuch.de\/index.php?rest_route=\/wp\/v2\/posts"}],"about":[{"href":"https:\/\/www.hwv-ammerbuch.de\/index.php?rest_route=\/wp\/v2\/types\/post"}],"author":[{"embeddable":true,"href":"https:\/\/www.hwv-ammerbuch.de\/index.php?rest_route=\/wp\/v2\/users\/1"}],"replies":[{"embeddable":true,"href":"https:\/\/www.hwv-ammerbuch.de\/index.php?rest_route=%2Fwp%2Fv2%2Fcomments&post=2013"}],"version-history":[{"count":2,"href":"https:\/\/www.hwv-ammerbuch.de\/index.php?rest_route=\/wp\/v2\/posts\/2013\/revisions"}],"predecessor-version":[{"id":2016,"href":"https:\/\/www.hwv-ammerbuch.de\/index.php?rest_route=\/wp\/v2\/posts\/2013\/revisions\/2016"}],"wp:attachment":[{"href":"https:\/\/www.hwv-ammerbuch.de\/index.php?rest_route=%2Fwp%2Fv2%2Fmedia&parent=2013"}],"wp:term":[{"taxonomy":"category","embeddable":true,"href":"https:\/\/www.hwv-ammerbuch.de\/index.php?rest_route=%2Fwp%2Fv2%2Fcategories&post=2013"},{"taxonomy":"post_tag","embeddable":true,"href":"https:\/\/www.hwv-ammerbuch.de\/index.php?rest_route=%2Fwp%2Fv2%2Ftags&post=2013"}],"curies":[{"name":"wp","href":"https:\/\/api.w.org\/{rel}","templated":true}]}}