{"id":2009,"date":"2017-06-26T15:30:56","date_gmt":"2017-06-26T15:30:56","guid":{"rendered":"http:\/\/wp.hwv-ammerbuch.de\/?p=2009"},"modified":"2017-07-18T00:02:37","modified_gmt":"2017-07-18T00:02:37","slug":"2009","status":"publish","type":"post","link":"https:\/\/www.hwv-ammerbuch.de\/?p=2009","title":{"rendered":""},"content":{"rendered":"<p><strong>H\u00fcttenbetrieb Dienstagstreff<\/strong><br \/>\nAb sofort findet der Dienstagstreff wieder einmal im Monat statt, die Termine werden kurzfristig bekannt gegeben.<br \/>\nDer n\u00e4chste Dienstagstreff findet am 04.07.2017 ab 15:00 Uhr in der Palmbergh\u00fctte statt.<br \/>\nAuf viele gutgelaunte G\u00e4ste freuen sich Moni, Gabi und Wolfgang.<\/p>\n<p><strong>Vorschau f\u00fcr August<br \/>\n<\/strong>04.08. Sommergrillfest f\u00fcr alle Mitglieder<\/p>\n<p style=\"text-align: right;\">Katrin Flaisch | Schriftf\u00fchrerin<\/p>\n","protected":false},"excerpt":{"rendered":"<p>H\u00fcttenbetrieb Dienstagstreff Ab sofort findet der Dienstagstreff wieder einmal im Monat statt, die Termine werden kurzfristig bekannt gegeben. Der n\u00e4chste Dienstagstreff findet am 04.07.2017 ab 15:00 Uhr in der Palmbergh\u00fctte statt. Auf viele gutgelaunte G\u00e4ste freuen sich Moni, Gabi und Wolfgang. Vorschau f\u00fcr August 04.08. Sommergrillfest f\u00fcr alle Mitglieder Katrin Flaisch | Schriftf\u00fchrerin<\/p>\n","protected":false},"author":1,"featured_media":0,"comment_status":"closed","ping_status":"closed","sticky":false,"template":"","format":"standard","meta":{"footnotes":""},"categories":[1],"tags":[],"class_list":["post-2009","post","type-post","status-publish","format-standard","hentry","category-aktuelles","no-thumb"],"_links":{"self":[{"href":"https:\/\/www.hwv-ammerbuch.de\/index.php?rest_route=\/wp\/v2\/posts\/2009","targetHints":{"allow":["GET"]}}],"collection":[{"href":"https:\/\/www.hwv-ammerbuch.de\/index.php?rest_route=\/wp\/v2\/posts"}],"about":[{"href":"https:\/\/www.hwv-ammerbuch.de\/index.php?rest_route=\/wp\/v2\/types\/post"}],"author":[{"embeddable":true,"href":"https:\/\/www.hwv-ammerbuch.de\/index.php?rest_route=\/wp\/v2\/users\/1"}],"replies":[{"embeddable":true,"href":"https:\/\/www.hwv-ammerbuch.de\/index.php?rest_route=%2Fwp%2Fv2%2Fcomments&post=2009"}],"version-history":[{"count":4,"href":"https:\/\/www.hwv-ammerbuch.de\/index.php?rest_route=\/wp\/v2\/posts\/2009\/revisions"}],"predecessor-version":[{"id":2017,"href":"https:\/\/www.hwv-ammerbuch.de\/index.php?rest_route=\/wp\/v2\/posts\/2009\/revisions\/2017"}],"wp:attachment":[{"href":"https:\/\/www.hwv-ammerbuch.de\/index.php?rest_route=%2Fwp%2Fv2%2Fmedia&parent=2009"}],"wp:term":[{"taxonomy":"category","embeddable":true,"href":"https:\/\/www.hwv-ammerbuch.de\/index.php?rest_route=%2Fwp%2Fv2%2Fcategories&post=2009"},{"taxonomy":"post_tag","embeddable":true,"href":"https:\/\/www.hwv-ammerbuch.de\/index.php?rest_route=%2Fwp%2Fv2%2Ftags&post=2009"}],"curies":[{"name":"wp","href":"https:\/\/api.w.org\/{rel}","templated":true}]}}