{"id":1938,"date":"2017-06-09T03:29:08","date_gmt":"2017-06-09T03:29:08","guid":{"rendered":"http:\/\/wp.hwv-ammerbuch.de\/?p=1938"},"modified":"2017-06-09T16:29:42","modified_gmt":"2017-06-09T16:29:42","slug":"1938","status":"publish","type":"post","link":"https:\/\/www.hwv-ammerbuch.de\/?p=1938","title":{"rendered":""},"content":{"rendered":"<p><strong>Fahrt zur Landesgartenschau nach Bad Herrenalb<br \/>\n<\/strong>Liebe Vereinsmitglieder des HWV,<br \/>\nam Sonntag, 11. Juni 2017\u00a0fahren wir zur Landesgartenschau nach Bad Herrenalb. Abfahrt mit privatem Pkw\u00a0um 7:30 Uhr\u00a0am Poltringer Feuerwehrmagazin. \u00d6ffnungszeiten der LG-Schau\u00a09 \u2013 18:30 Uhr. Kosten pro Person: ca. 22,00 \u20ac incl. Fahrtkosten, Parkgeb\u00fchr und Eintritt (13,00 \u20ac) Um die Fahrt zu organisieren, bitte ich um telefonische Anmeldung. (07073 2127) R\u00fcckfahrt geplant ca.\u00a018:00 Uhr, so werden wir um ca.\u00a019:30\u00a0Uhr\u00a0wieder in Poltringen sein.<\/p>\n<p style=\"text-align: right;\">Wanderf\u00fchrer Gerold Sailer<\/p>\n<p><strong>Sonnwendfeier<br \/>\n<\/strong>Unsere diesj\u00e4hrige Sonnenwendfeier findet am Freitag,\u00a023. Juni 2017\u00a0auf dem Palmberg statt. Beginn ist\u00a0um 19 Uhr. Bei Einbruch der Dunkelheit wollen wir einen Fackelzug mit anschlie\u00dfender Entz\u00fcndung des Sonnwendfeuers starten. Mit gemeinsamem Singen am Feuer wollen wir noch eine Weile gem\u00fctlich beisammen sein. F\u00fcr das leibliche Wohl wird gesorgt.<\/p>\n<p style=\"text-align: right;\">Katrin Flaisch | Schriftf\u00fchrerin<\/p>\n","protected":false},"excerpt":{"rendered":"<p>Fahrt zur Landesgartenschau nach Bad Herrenalb Liebe Vereinsmitglieder des HWV, am Sonntag, 11. Juni 2017\u00a0fahren wir zur Landesgartenschau nach Bad Herrenalb. Abfahrt mit privatem Pkw\u00a0um 7:30 Uhr\u00a0am Poltringer Feuerwehrmagazin. \u00d6ffnungszeiten der LG-Schau\u00a09 \u2013 18:30 Uhr. Kosten pro Person: ca. 22,00 \u20ac incl. Fahrtkosten, Parkgeb\u00fchr und Eintritt (13,00 \u20ac) Um die Fahrt zu organisieren, bitte ichContinue reading &rarr;<\/p>\n","protected":false},"author":1,"featured_media":0,"comment_status":"closed","ping_status":"closed","sticky":false,"template":"","format":"standard","meta":{"footnotes":""},"categories":[1],"tags":[],"class_list":["post-1938","post","type-post","status-publish","format-standard","hentry","category-aktuelles","no-thumb"],"_links":{"self":[{"href":"https:\/\/www.hwv-ammerbuch.de\/index.php?rest_route=\/wp\/v2\/posts\/1938","targetHints":{"allow":["GET"]}}],"collection":[{"href":"https:\/\/www.hwv-ammerbuch.de\/index.php?rest_route=\/wp\/v2\/posts"}],"about":[{"href":"https:\/\/www.hwv-ammerbuch.de\/index.php?rest_route=\/wp\/v2\/types\/post"}],"author":[{"embeddable":true,"href":"https:\/\/www.hwv-ammerbuch.de\/index.php?rest_route=\/wp\/v2\/users\/1"}],"replies":[{"embeddable":true,"href":"https:\/\/www.hwv-ammerbuch.de\/index.php?rest_route=%2Fwp%2Fv2%2Fcomments&post=1938"}],"version-history":[{"count":4,"href":"https:\/\/www.hwv-ammerbuch.de\/index.php?rest_route=\/wp\/v2\/posts\/1938\/revisions"}],"predecessor-version":[{"id":1942,"href":"https:\/\/www.hwv-ammerbuch.de\/index.php?rest_route=\/wp\/v2\/posts\/1938\/revisions\/1942"}],"wp:attachment":[{"href":"https:\/\/www.hwv-ammerbuch.de\/index.php?rest_route=%2Fwp%2Fv2%2Fmedia&parent=1938"}],"wp:term":[{"taxonomy":"category","embeddable":true,"href":"https:\/\/www.hwv-ammerbuch.de\/index.php?rest_route=%2Fwp%2Fv2%2Fcategories&post=1938"},{"taxonomy":"post_tag","embeddable":true,"href":"https:\/\/www.hwv-ammerbuch.de\/index.php?rest_route=%2Fwp%2Fv2%2Ftags&post=1938"}],"curies":[{"name":"wp","href":"https:\/\/api.w.org\/{rel}","templated":true}]}}