{"id":1925,"date":"2017-05-07T19:03:50","date_gmt":"2017-05-07T19:03:50","guid":{"rendered":"http:\/\/wp.hwv-ammerbuch.de\/?p=1925"},"modified":"2017-05-23T19:07:20","modified_gmt":"2017-05-23T19:07:20","slug":"1925","status":"publish","type":"post","link":"https:\/\/www.hwv-ammerbuch.de\/?p=1925","title":{"rendered":""},"content":{"rendered":"<p><strong><a href=\"http:\/\/wp.hwv-ammerbuch.de\/wp-content\/uploads\/2017\/05\/tmp_3699-hwv-Maibaum148285305.jpg\"><img loading=\"lazy\" decoding=\"async\" class=\"alignright size-medium wp-image-1927\" alt=\"tmp_3699-hwv Maibaum148285305\" src=\"http:\/\/wp.hwv-ammerbuch.de\/wp-content\/uploads\/2017\/05\/tmp_3699-hwv-Maibaum148285305-191x300.jpg\" width=\"191\" height=\"300\" srcset=\"https:\/\/www.hwv-ammerbuch.de\/wp-content\/uploads\/2017\/05\/tmp_3699-hwv-Maibaum148285305-191x300.jpg 191w, https:\/\/www.hwv-ammerbuch.de\/wp-content\/uploads\/2017\/05\/tmp_3699-hwv-Maibaum148285305-654x1024.jpg 654w, https:\/\/www.hwv-ammerbuch.de\/wp-content\/uploads\/2017\/05\/tmp_3699-hwv-Maibaum148285305.jpg 679w\" sizes=\"auto, (max-width: 191px) 100vw, 191px\" \/><\/a>Maibaumaufstellen<\/strong><br \/>\nBei unserem diesj\u00e4hrigen Maibaumaufstellen (bei sch\u00f6nem Wetter) begr\u00fc\u00dfte unsere 1. Vorsitzende Margot Sailer die zahlreichen Besucher, Ortsvorsteher Reinhold Hess und die Vertreter der \u00f6rtlichen Vereine. Die Freiwillige Feuerwehr Poltringen hatte im Nuh den diesj\u00e4hrigen Maibaum aufgestellt. Der \u201eBlechhaufa\u201c sorgte f\u00fcr die musikalische Unterhaltung. Marietta trug ein Fr\u00fchlingsgedicht vor und anschlie\u00dfend wurden gemeinsam Lieder gesungen. Margot wies auf die wachsende Behinderung des Aufstellens aufgrund der immer gr\u00f6\u00dfer werdenden B\u00e4ume hin. Ortsvorsteher Reinhold Hess lobte die traditionsgem\u00e4\u00dfe Veranstaltung und versprach noch einmal mit der Gemeinde \u00fcber die B\u00e4ume und eine eventuelle Beteiligung an den Kosten f\u00fcr den neuen Kranz zu sprechen.<\/p>\n<p><strong>Palmberghockete<\/strong><br \/>\nEs hat mal wieder am 1. Mai geregnet, aber wir haben dem Wetter getrotzt. Mit der musikalischen Unterhaltung durch die Roaler aus Oberndorf und den vielen Besuchern konnten wir die Palmberghockete trotz Regen als Erfolg verbuchen. Die flei\u00dfigen Bedienungen, die zwischen H\u00fctte, Pavillon und Fallschirm gelaufen sind, hatten wohl den nassesten Job. Zusammen mit den Helfern am Currywurststand, dem Backh\u00e4usle, im Kuchenstand, an der Theke und am Sp\u00fclmobil haben alle gemeinsam den Tag gerockt. Vielen Dank an alle die einen Kuchen gespendet haben und so f\u00fcr eine reichliche Auswahl gesorgt haben. Auch unser Schweinebraten aus dem Backh\u00e4usle war wieder ein voller Erfolg.<\/p>\n<p><strong>Vielen Dank an die Helferinnen und Helfer<\/strong><br \/>\nWir bedanken uns recht herzlich bei den Helferinnen und Helfern die bei den Vorbereitungen, der Durchf\u00fchrung und dem Abbau f\u00fcr das Maibaumaufstellen und die Palmberghockete mit vollem Einsatz dabei waren und zum Gelingen beigetragen haben.<\/p>\n<p style=\"text-align: right;\">Katrin Flaisch | Schriftf\u00fchrerin<\/p>\n","protected":false},"excerpt":{"rendered":"<p>Maibaumaufstellen Bei unserem diesj\u00e4hrigen Maibaumaufstellen (bei sch\u00f6nem Wetter) begr\u00fc\u00dfte unsere 1. Vorsitzende Margot Sailer die zahlreichen Besucher, Ortsvorsteher Reinhold Hess und die Vertreter der \u00f6rtlichen Vereine. Die Freiwillige Feuerwehr Poltringen hatte im Nuh den diesj\u00e4hrigen Maibaum aufgestellt. Der \u201eBlechhaufa\u201c sorgte f\u00fcr die musikalische Unterhaltung. Marietta trug ein Fr\u00fchlingsgedicht vor und anschlie\u00dfend wurden gemeinsam Lieder gesungen.Continue reading &rarr;<\/p>\n","protected":false},"author":1,"featured_media":0,"comment_status":"closed","ping_status":"closed","sticky":false,"template":"","format":"standard","meta":{"footnotes":""},"categories":[1],"tags":[],"class_list":["post-1925","post","type-post","status-publish","format-standard","hentry","category-aktuelles","no-thumb"],"_links":{"self":[{"href":"https:\/\/www.hwv-ammerbuch.de\/index.php?rest_route=\/wp\/v2\/posts\/1925","targetHints":{"allow":["GET"]}}],"collection":[{"href":"https:\/\/www.hwv-ammerbuch.de\/index.php?rest_route=\/wp\/v2\/posts"}],"about":[{"href":"https:\/\/www.hwv-ammerbuch.de\/index.php?rest_route=\/wp\/v2\/types\/post"}],"author":[{"embeddable":true,"href":"https:\/\/www.hwv-ammerbuch.de\/index.php?rest_route=\/wp\/v2\/users\/1"}],"replies":[{"embeddable":true,"href":"https:\/\/www.hwv-ammerbuch.de\/index.php?rest_route=%2Fwp%2Fv2%2Fcomments&post=1925"}],"version-history":[{"count":2,"href":"https:\/\/www.hwv-ammerbuch.de\/index.php?rest_route=\/wp\/v2\/posts\/1925\/revisions"}],"predecessor-version":[{"id":1928,"href":"https:\/\/www.hwv-ammerbuch.de\/index.php?rest_route=\/wp\/v2\/posts\/1925\/revisions\/1928"}],"wp:attachment":[{"href":"https:\/\/www.hwv-ammerbuch.de\/index.php?rest_route=%2Fwp%2Fv2%2Fmedia&parent=1925"}],"wp:term":[{"taxonomy":"category","embeddable":true,"href":"https:\/\/www.hwv-ammerbuch.de\/index.php?rest_route=%2Fwp%2Fv2%2Fcategories&post=1925"},{"taxonomy":"post_tag","embeddable":true,"href":"https:\/\/www.hwv-ammerbuch.de\/index.php?rest_route=%2Fwp%2Fv2%2Ftags&post=1925"}],"curies":[{"name":"wp","href":"https:\/\/api.w.org\/{rel}","templated":true}]}}