{"id":1894,"date":"2017-03-23T12:57:47","date_gmt":"2017-03-23T12:57:47","guid":{"rendered":"http:\/\/wp.hwv-ammerbuch.de\/?p=1894"},"modified":"2017-03-23T14:21:53","modified_gmt":"2017-03-23T14:21:53","slug":"1894","status":"publish","type":"post","link":"https:\/\/www.hwv-ammerbuch.de\/?p=1894","title":{"rendered":""},"content":{"rendered":"<p><strong>Jahreshauptversammlung<\/strong><br \/>\nBei der Jahreshauptversammlung am 03.03.2017 haben die anwesenden 24 Mitglieder die zur Wahl stehenden Posten gew\u00e4hlt. In Ihren \u00c4mtern best\u00e4tigt wurden Wanderwart Gerold Sailer und 2. Vorsitzender Egon Bischofberger. Neugew\u00e4hlt wurden Kulturwartin Anneliese Schoensee, Schriftf\u00fchrerin Katrin Flaisch und 2. H\u00fcttenwartin Gabi Schmid. Die Posten Platzwart\/in und Jugendleiter\/in konnten leider nicht belegt werden.<br \/>\nIn ihrem Bericht erw\u00e4hnte die 1. Vorsitzende Margot Sailer die regen Vereinsaktivit\u00e4ten im vergangenen Jahr. Die zahlreichen Vereinsveranstaltungen wurden Dank der flei\u00dfigen Helfer aus dem Kreise der Mitglieder, ebenso erfolgreich durchgef\u00fchrt wie die Vereinswanderungen und die Arbeitseins\u00e4tze auf dem Vereinsgel\u00e4nde und an der Palmbergh\u00fctte. Gro\u00dfes Lob gab es f\u00fcr die Posteninhaber des Vorstandes und des Ausschusses. Der Ehrenvorstand Helmut Flaisch bescheinigte der Vereinsleitung hervorragende Arbeit und empfahl der Versammlung die Entlastung der gesamten Vorstandschaft. Die Entlastung endete mit einer einstimmigen Best\u00e4tigung.<br \/>\nDer 1. H\u00fcttenwart Wolfgang Mang berichtete \u00fcber erfolgreich durchgef\u00fchrte H\u00fcttenvermietungen und die eigenen H\u00fctten\u00f6ffnungsterminen.<br \/>\nKulturwartin Erika Niethammer beschrieb 37 kurzweilige Stricknachmittage in der Palmbergh\u00fctte, das Zwiebelkuchenfest, den Weihnachtsbazar und den Besuch eines Musicals in Stuttgart.<br \/>\nWanderwart Gerold Sailer berichtete \u00fcber die durchgef\u00fchrten Wanderveranstaltungen und zeigte Bilder von denselben.<br \/>\nRita Baur, Alfred Baur und Alexander Baur wurden f\u00fcr 25 Jahre Vereinszugeh\u00f6rigkeit geehrt. Rudi Popp, Edmund Bizenberger und Anne Schmid wurden f\u00fcr 40 Jahre Vereinszugeh\u00f6rigkeit geehrt.<br \/>\nWolfgang Mang und Margot Sailer wurden f\u00fcr 15-j\u00e4hrige Vorstandschaft, Monika Mang f\u00fcr 20-j\u00e4hrige Vorstandschaft und Erika Niethammer f\u00fcr 25-j\u00e4hrige Vorstandschaft geehrt.<\/p>\n<div id=\"attachment_1896\" style=\"width: 810px\" class=\"wp-caption alignnone\"><a href=\"http:\/\/wp.hwv-ammerbuch.de\/wp-content\/uploads\/2017\/03\/hwv-Jahreshauptversammlung.jpg\"><img loading=\"lazy\" decoding=\"async\" aria-describedby=\"caption-attachment-1896\" class=\"size-full wp-image-1896\" alt=\"Die Geehrten v. l. n. r. Alexander Baur, Margot Sailer, Alfred Baur und Rita Baur; Anne Schmid und Margot Sailer; Monika Mang, Wolfgang Mang, Margot Sailer und Erika Niethammer\" src=\"http:\/\/wp.hwv-ammerbuch.de\/wp-content\/uploads\/2017\/03\/hwv-Jahreshauptversammlung.jpg\" width=\"800\" height=\"534\" srcset=\"https:\/\/www.hwv-ammerbuch.de\/wp-content\/uploads\/2017\/03\/hwv-Jahreshauptversammlung.jpg 800w, https:\/\/www.hwv-ammerbuch.de\/wp-content\/uploads\/2017\/03\/hwv-Jahreshauptversammlung-300x200.jpg 300w, https:\/\/www.hwv-ammerbuch.de\/wp-content\/uploads\/2017\/03\/hwv-Jahreshauptversammlung-449x300.jpg 449w\" sizes=\"auto, (max-width: 800px) 100vw, 800px\" \/><\/a><p id=\"caption-attachment-1896\" class=\"wp-caption-text\">Die Geehrten v. l. n. r. Alexander Baur, Margot Sailer, Alfred Baur und Rita Baur; Anne Schmid und Margot Sailer; Monika Mang, Wolfgang Mang, Margot Sailer und Erika Niethammer<\/p><\/div>\n<p><strong>Verabschiedung Hans und Erika Niethammer<\/strong><br \/>\nW\u00e4hrend der Hauptversammlung am 03.03.2017 wurden Hans Niethammer als Schriftf\u00fchrer und Erika Niethammer als Kulturwartin verabschiedet. Als Zeichen des Dankes erhielt Hans ein Dekantierset und Erika einen Geschenkkorb. Vielen Dank f\u00fcr eure langj\u00e4hrige Arbeit!<\/p>\n<div id=\"attachment_1895\" style=\"width: 810px\" class=\"wp-caption alignnone\"><a href=\"http:\/\/wp.hwv-ammerbuch.de\/wp-content\/uploads\/2017\/03\/hwv-Verabschiedung-Hans-+Erika-Niethammer.jpg\"><img loading=\"lazy\" decoding=\"async\" aria-describedby=\"caption-attachment-1895\" class=\"size-full wp-image-1895\" alt=\"Hans und Erika Niethammer\" src=\"http:\/\/wp.hwv-ammerbuch.de\/wp-content\/uploads\/2017\/03\/hwv-Verabschiedung-Hans-+Erika-Niethammer.jpg\" width=\"800\" height=\"694\" srcset=\"https:\/\/www.hwv-ammerbuch.de\/wp-content\/uploads\/2017\/03\/hwv-Verabschiedung-Hans-+Erika-Niethammer.jpg 800w, https:\/\/www.hwv-ammerbuch.de\/wp-content\/uploads\/2017\/03\/hwv-Verabschiedung-Hans-+Erika-Niethammer-300x260.jpg 300w, https:\/\/www.hwv-ammerbuch.de\/wp-content\/uploads\/2017\/03\/hwv-Verabschiedung-Hans-+Erika-Niethammer-345x300.jpg 345w\" sizes=\"auto, (max-width: 800px) 100vw, 800px\" \/><\/a><p id=\"caption-attachment-1895\" class=\"wp-caption-text\">Hans und Erika Niethammer<\/p><\/div>\n<p style=\"text-align: right;\">Katrin Flaisch | Schriftf\u00fchrerin<\/p>\n","protected":false},"excerpt":{"rendered":"<p>Jahreshauptversammlung Bei der Jahreshauptversammlung am 03.03.2017 haben die anwesenden 24 Mitglieder die zur Wahl stehenden Posten gew\u00e4hlt. In Ihren \u00c4mtern best\u00e4tigt wurden Wanderwart Gerold Sailer und 2. Vorsitzender Egon Bischofberger. Neugew\u00e4hlt wurden Kulturwartin Anneliese Schoensee, Schriftf\u00fchrerin Katrin Flaisch und 2. H\u00fcttenwartin Gabi Schmid. Die Posten Platzwart\/in und Jugendleiter\/in konnten leider nicht belegt werden. In ihremContinue reading &rarr;<\/p>\n","protected":false},"author":1,"featured_media":0,"comment_status":"closed","ping_status":"closed","sticky":false,"template":"","format":"standard","meta":{"footnotes":""},"categories":[1],"tags":[],"class_list":["post-1894","post","type-post","status-publish","format-standard","hentry","category-aktuelles","no-thumb"],"_links":{"self":[{"href":"https:\/\/www.hwv-ammerbuch.de\/index.php?rest_route=\/wp\/v2\/posts\/1894","targetHints":{"allow":["GET"]}}],"collection":[{"href":"https:\/\/www.hwv-ammerbuch.de\/index.php?rest_route=\/wp\/v2\/posts"}],"about":[{"href":"https:\/\/www.hwv-ammerbuch.de\/index.php?rest_route=\/wp\/v2\/types\/post"}],"author":[{"embeddable":true,"href":"https:\/\/www.hwv-ammerbuch.de\/index.php?rest_route=\/wp\/v2\/users\/1"}],"replies":[{"embeddable":true,"href":"https:\/\/www.hwv-ammerbuch.de\/index.php?rest_route=%2Fwp%2Fv2%2Fcomments&post=1894"}],"version-history":[{"count":2,"href":"https:\/\/www.hwv-ammerbuch.de\/index.php?rest_route=\/wp\/v2\/posts\/1894\/revisions"}],"predecessor-version":[{"id":1898,"href":"https:\/\/www.hwv-ammerbuch.de\/index.php?rest_route=\/wp\/v2\/posts\/1894\/revisions\/1898"}],"wp:attachment":[{"href":"https:\/\/www.hwv-ammerbuch.de\/index.php?rest_route=%2Fwp%2Fv2%2Fmedia&parent=1894"}],"wp:term":[{"taxonomy":"category","embeddable":true,"href":"https:\/\/www.hwv-ammerbuch.de\/index.php?rest_route=%2Fwp%2Fv2%2Fcategories&post=1894"},{"taxonomy":"post_tag","embeddable":true,"href":"https:\/\/www.hwv-ammerbuch.de\/index.php?rest_route=%2Fwp%2Fv2%2Ftags&post=1894"}],"curies":[{"name":"wp","href":"https:\/\/api.w.org\/{rel}","templated":true}]}}