{"id":1864,"date":"2017-02-20T20:55:25","date_gmt":"2017-02-20T20:55:25","guid":{"rendered":"http:\/\/wp.hwv-ammerbuch.de\/?p=1864"},"modified":"2017-02-20T20:55:25","modified_gmt":"2017-02-20T20:55:25","slug":"1864","status":"publish","type":"post","link":"https:\/\/www.hwv-ammerbuch.de\/?p=1864","title":{"rendered":""},"content":{"rendered":"<p><strong>Danke<\/strong><br \/>\nAllen Helferinnen und Helfern die durch ihren unerm\u00fcdlichen Einsatz beim Auf- und Abbauen des Verpflegungsstandes zum PFC Umzug und bei der Bewirtung am Sonntag w\u00e4hrend des Umzuges zu einem reibungslosen Ablauf beitrugen und nat\u00fcrlich auch den Wirtsleuten der Palmbergh\u00fctte sei hier ein gro\u00dfes Dankesch\u00f6n gesagt.<\/p>\n<p><strong>Einladung zum Kappenabend<\/strong><br \/>\nDer Poltringer Fasnets Club hat uns zum Kappenabend am 25.2.2017 in die PFC Halle eingeladen. Platzreservierungen bitte bei Margot Sailer anmelden.<\/p>\n<p style=\"text-align: right;\">Hans Niethammer | Schriftf\u00fchrer<\/p>\n","protected":false},"excerpt":{"rendered":"<p>Danke Allen Helferinnen und Helfern die durch ihren unerm\u00fcdlichen Einsatz beim Auf- und Abbauen des Verpflegungsstandes zum PFC Umzug und bei der Bewirtung am Sonntag w\u00e4hrend des Umzuges zu einem reibungslosen Ablauf beitrugen und nat\u00fcrlich auch den Wirtsleuten der Palmbergh\u00fctte sei hier ein gro\u00dfes Dankesch\u00f6n gesagt. Einladung zum Kappenabend Der Poltringer Fasnets Club hat unsContinue reading &rarr;<\/p>\n","protected":false},"author":1,"featured_media":0,"comment_status":"closed","ping_status":"closed","sticky":false,"template":"","format":"standard","meta":{"footnotes":""},"categories":[1],"tags":[],"class_list":["post-1864","post","type-post","status-publish","format-standard","hentry","category-aktuelles","no-thumb"],"_links":{"self":[{"href":"https:\/\/www.hwv-ammerbuch.de\/index.php?rest_route=\/wp\/v2\/posts\/1864","targetHints":{"allow":["GET"]}}],"collection":[{"href":"https:\/\/www.hwv-ammerbuch.de\/index.php?rest_route=\/wp\/v2\/posts"}],"about":[{"href":"https:\/\/www.hwv-ammerbuch.de\/index.php?rest_route=\/wp\/v2\/types\/post"}],"author":[{"embeddable":true,"href":"https:\/\/www.hwv-ammerbuch.de\/index.php?rest_route=\/wp\/v2\/users\/1"}],"replies":[{"embeddable":true,"href":"https:\/\/www.hwv-ammerbuch.de\/index.php?rest_route=%2Fwp%2Fv2%2Fcomments&post=1864"}],"version-history":[{"count":1,"href":"https:\/\/www.hwv-ammerbuch.de\/index.php?rest_route=\/wp\/v2\/posts\/1864\/revisions"}],"predecessor-version":[{"id":1865,"href":"https:\/\/www.hwv-ammerbuch.de\/index.php?rest_route=\/wp\/v2\/posts\/1864\/revisions\/1865"}],"wp:attachment":[{"href":"https:\/\/www.hwv-ammerbuch.de\/index.php?rest_route=%2Fwp%2Fv2%2Fmedia&parent=1864"}],"wp:term":[{"taxonomy":"category","embeddable":true,"href":"https:\/\/www.hwv-ammerbuch.de\/index.php?rest_route=%2Fwp%2Fv2%2Fcategories&post=1864"},{"taxonomy":"post_tag","embeddable":true,"href":"https:\/\/www.hwv-ammerbuch.de\/index.php?rest_route=%2Fwp%2Fv2%2Ftags&post=1864"}],"curies":[{"name":"wp","href":"https:\/\/api.w.org\/{rel}","templated":true}]}}