{"id":1860,"date":"2017-02-13T10:41:10","date_gmt":"2017-02-13T10:41:10","guid":{"rendered":"http:\/\/wp.hwv-ammerbuch.de\/?p=1860"},"modified":"2017-02-13T10:41:10","modified_gmt":"2017-02-13T10:41:10","slug":"1860","status":"publish","type":"post","link":"https:\/\/www.hwv-ammerbuch.de\/?p=1860","title":{"rendered":""},"content":{"rendered":"<p><strong>Einladung zur Jahreshauptversammlung<br \/>\n<\/strong>Am Freitag 03.03.2017<br \/>\nIn der Palmbergh\u00fctte Poltringen<br \/>\nBeginn: 20:00 Uhr<br \/>\nTagesordnung:<br \/>\n1. Begr\u00fc\u00dfung durch die 1. Vorsitzende und Bericht<br \/>\n2. Bericht der Kassiererin<br \/>\n3. Bericht der Kassenpr\u00fcferinnen<br \/>\n4. Bericht des Schriftf\u00fchrers<br \/>\n5. Bericht des H\u00fcttenwartes<br \/>\n6. Bericht der Kulturwartin<br \/>\n7. Bericht des Wanderwartes<br \/>\n8. Entlastungen<br \/>\n9. Ehrungen<br \/>\n&#8211;Pause&#8211;<br \/>\n10. Neuwahlen<br \/>\n11. Antr\u00e4ge\/Verschiedenes<br \/>\nAntr\u00e4ge zur Tagesordnung sind bis sp\u00e4testens 23.2.2017 an die 1. Vorsitzende Margot Sailer zu richten.<\/p>\n<p><strong>Arbeitseins\u00e4tze<\/strong><br \/>\nAm Samstag, 18.02.2017 treffen wir uns um 9 Uhr auf dem Palmberg bei den Garagen zu Vorbereitungsarbeiten f\u00fcr den PFC Umzug am Sonntag. Mit den Aufr\u00e4umungsarbeiten wollen wir am Montag, 20.02.2017 um 16:30 Uhr beginnen. Auch dazu ist jede helfende Hand herzlich willkommen.<\/p>\n<p><strong>PFC Umzug am Sonntag 19.02.2017<\/strong><br \/>\nDer Verpflegungsstand des Heimat und Wandervereins steht traditionsgem\u00e4\u00df, wieder gegen\u00fcber dem Rathaus in Poltringen. Dort bieten wir Schupfnudeln mit Kraut, hei\u00dfe Rote sowie Bier, Gl\u00fchwein, Punsch alkoholfrei, Kaffee und Sekt an. Das Standpersonal ist ab 9Uhr zur Vorbereitung eingeteilt. Wir bewirten ab 11Uhr.<\/p>\n<p><strong>H\u00fcttenbewirtschaftung nach dem PFC Umzug<\/strong><br \/>\nAm Sonntag, dem 19.02.2017 ist die Palmbergh\u00fctte nach dem PFC-Umzug ge\u00f6ffnet.<br \/>\nDort gibt es neben den \u00fcblichen Getr\u00e4nken, Kaffee und Kuchen. Auf die G\u00e4ste freuen sich Christl und Hans Roming und Willi Wagner.<\/p>\n<p><strong>Einladung zum Kappenabend<\/strong><br \/>\nDer Poltringer Fasnets Club hat uns zum Kappenabend am 25.02.2017 in die PFC Halle eingeladen. Platzreservierungen bitte bei Margot Sailer anmelden.<\/p>\n<p style=\"text-align: right;\">Hans Niethammer | Schriftf\u00fchrer<\/p>\n","protected":false},"excerpt":{"rendered":"<p>Einladung zur Jahreshauptversammlung Am Freitag 03.03.2017 In der Palmbergh\u00fctte Poltringen Beginn: 20:00 Uhr Tagesordnung: 1. Begr\u00fc\u00dfung durch die 1. Vorsitzende und Bericht 2. Bericht der Kassiererin 3. Bericht der Kassenpr\u00fcferinnen 4. Bericht des Schriftf\u00fchrers 5. Bericht des H\u00fcttenwartes 6. Bericht der Kulturwartin 7. Bericht des Wanderwartes 8. Entlastungen 9. Ehrungen &#8211;Pause&#8211; 10. Neuwahlen 11. Antr\u00e4ge\/VerschiedenesContinue reading &rarr;<\/p>\n","protected":false},"author":1,"featured_media":0,"comment_status":"closed","ping_status":"closed","sticky":false,"template":"","format":"standard","meta":{"footnotes":""},"categories":[1],"tags":[],"class_list":["post-1860","post","type-post","status-publish","format-standard","hentry","category-aktuelles","no-thumb"],"_links":{"self":[{"href":"https:\/\/www.hwv-ammerbuch.de\/index.php?rest_route=\/wp\/v2\/posts\/1860","targetHints":{"allow":["GET"]}}],"collection":[{"href":"https:\/\/www.hwv-ammerbuch.de\/index.php?rest_route=\/wp\/v2\/posts"}],"about":[{"href":"https:\/\/www.hwv-ammerbuch.de\/index.php?rest_route=\/wp\/v2\/types\/post"}],"author":[{"embeddable":true,"href":"https:\/\/www.hwv-ammerbuch.de\/index.php?rest_route=\/wp\/v2\/users\/1"}],"replies":[{"embeddable":true,"href":"https:\/\/www.hwv-ammerbuch.de\/index.php?rest_route=%2Fwp%2Fv2%2Fcomments&post=1860"}],"version-history":[{"count":2,"href":"https:\/\/www.hwv-ammerbuch.de\/index.php?rest_route=\/wp\/v2\/posts\/1860\/revisions"}],"predecessor-version":[{"id":1862,"href":"https:\/\/www.hwv-ammerbuch.de\/index.php?rest_route=\/wp\/v2\/posts\/1860\/revisions\/1862"}],"wp:attachment":[{"href":"https:\/\/www.hwv-ammerbuch.de\/index.php?rest_route=%2Fwp%2Fv2%2Fmedia&parent=1860"}],"wp:term":[{"taxonomy":"category","embeddable":true,"href":"https:\/\/www.hwv-ammerbuch.de\/index.php?rest_route=%2Fwp%2Fv2%2Fcategories&post=1860"},{"taxonomy":"post_tag","embeddable":true,"href":"https:\/\/www.hwv-ammerbuch.de\/index.php?rest_route=%2Fwp%2Fv2%2Ftags&post=1860"}],"curies":[{"name":"wp","href":"https:\/\/api.w.org\/{rel}","templated":true}]}}