{"id":1848,"date":"2016-11-29T07:59:18","date_gmt":"2016-11-29T07:59:18","guid":{"rendered":"http:\/\/wp.hwv-ammerbuch.de\/?p=1848"},"modified":"2016-11-29T07:59:18","modified_gmt":"2016-11-29T07:59:18","slug":"1848","status":"publish","type":"post","link":"https:\/\/www.hwv-ammerbuch.de\/?p=1848","title":{"rendered":""},"content":{"rendered":"<p><img loading=\"lazy\" decoding=\"async\" class=\"alignnone\" alt=\"\" src=\"http:\/\/www.schwarzwaelder-bote.de\/media.facebook.dfca7d33-940c-4b09-a563-757537c1fd60.normalized.jpg\" width=\"510\" height=\"336\" \/><\/p>\n<p><strong>Nachtwanderung am Freitag 2.12.2016<\/strong><br \/>\nZu unserer diesj\u00e4hrigen Nachtwanderung treffen wir uns, ausger\u00fcstet mit gutem<br \/>\nSchuhwerk (Stra\u00dfenschuhe mit Profil) und Taschenlampe um 16.45 Uhr wie gewohnt<br \/>\nam Poltringer Rathaus.<br \/>\nZun\u00e4chst geht es mit dem Auto nach Nagold, wo wir eine ca. 1 \u00bd st\u00fcndige Rundwanderung\u00a0ohne besondere Anforderungen starten, die uns letztendlich auf die<br \/>\nNagolder Burg f\u00fchrt und uns mit einer herrlichen Aussicht \u00fcber die weihnachtlich<br \/>\nbeleuchtete Stadt und seine Umgebung belohnen wird. Von dort geht es direkt<br \/>\nhinunter in das weihnachtlich gestimmte Nagold mit seinem traditionellen<br \/>\nWeihnachtsmarkt. Doch damit nicht genug. Ab 20.30 Uhr werden wir uns in der<br \/>\nPfrondorfer M\u00fchle kulinarisch verw\u00f6hnen und den Abend gem\u00fctlich ausklingen<br \/>\nlassen.<br \/>\nGastwanderer sind herzlich eingeladen.<\/p>\n<p style=\"text-align: right;\">Wanderf\u00fchrer | Egon Bischofberger<\/p>\n","protected":false},"excerpt":{"rendered":"<p>Nachtwanderung am Freitag 2.12.2016 Zu unserer diesj\u00e4hrigen Nachtwanderung treffen wir uns, ausger\u00fcstet mit gutem Schuhwerk (Stra\u00dfenschuhe mit Profil) und Taschenlampe um 16.45 Uhr wie gewohnt am Poltringer Rathaus. Zun\u00e4chst geht es mit dem Auto nach Nagold, wo wir eine ca. 1 \u00bd st\u00fcndige Rundwanderung\u00a0ohne besondere Anforderungen starten, die uns letztendlich auf die Nagolder Burg f\u00fchrtContinue reading &rarr;<\/p>\n","protected":false},"author":1,"featured_media":0,"comment_status":"closed","ping_status":"closed","sticky":false,"template":"","format":"standard","meta":{"footnotes":""},"categories":[1],"tags":[],"class_list":["post-1848","post","type-post","status-publish","format-standard","hentry","category-aktuelles","no-thumb"],"_links":{"self":[{"href":"https:\/\/www.hwv-ammerbuch.de\/index.php?rest_route=\/wp\/v2\/posts\/1848","targetHints":{"allow":["GET"]}}],"collection":[{"href":"https:\/\/www.hwv-ammerbuch.de\/index.php?rest_route=\/wp\/v2\/posts"}],"about":[{"href":"https:\/\/www.hwv-ammerbuch.de\/index.php?rest_route=\/wp\/v2\/types\/post"}],"author":[{"embeddable":true,"href":"https:\/\/www.hwv-ammerbuch.de\/index.php?rest_route=\/wp\/v2\/users\/1"}],"replies":[{"embeddable":true,"href":"https:\/\/www.hwv-ammerbuch.de\/index.php?rest_route=%2Fwp%2Fv2%2Fcomments&post=1848"}],"version-history":[{"count":1,"href":"https:\/\/www.hwv-ammerbuch.de\/index.php?rest_route=\/wp\/v2\/posts\/1848\/revisions"}],"predecessor-version":[{"id":1849,"href":"https:\/\/www.hwv-ammerbuch.de\/index.php?rest_route=\/wp\/v2\/posts\/1848\/revisions\/1849"}],"wp:attachment":[{"href":"https:\/\/www.hwv-ammerbuch.de\/index.php?rest_route=%2Fwp%2Fv2%2Fmedia&parent=1848"}],"wp:term":[{"taxonomy":"category","embeddable":true,"href":"https:\/\/www.hwv-ammerbuch.de\/index.php?rest_route=%2Fwp%2Fv2%2Fcategories&post=1848"},{"taxonomy":"post_tag","embeddable":true,"href":"https:\/\/www.hwv-ammerbuch.de\/index.php?rest_route=%2Fwp%2Fv2%2Ftags&post=1848"}],"curies":[{"name":"wp","href":"https:\/\/api.w.org\/{rel}","templated":true}]}}