{"id":1819,"date":"2016-06-23T06:29:23","date_gmt":"2016-06-23T06:29:23","guid":{"rendered":"http:\/\/wp.hwv-ammerbuch.de\/?p=1819"},"modified":"2016-06-23T06:29:23","modified_gmt":"2016-06-23T06:29:23","slug":"1819","status":"publish","type":"post","link":"https:\/\/www.hwv-ammerbuch.de\/?p=1819","title":{"rendered":""},"content":{"rendered":"<p><strong>Sonnenwendfeier<\/strong><br \/>\nUnsere diesj\u00e4hrige Sonnenwendfeier findet am Freitag, dem 24.Juni 2016 auf dem Palmberg statt. Beginn ist um 19 Uhr. Bei Einbruch der Dunkelheit wollen wir einen Fackelzug mit anschlie\u00dfender Entz\u00fcndung des Sonnenwendfeuers starten. Mit gemeinsamem Singen am Feuer wollen wir noch eine Weile gem\u00fctlich beisammen sein. F\u00fcr das leibliche Wohl wird auch gesorgt.<\/p>\n<p><strong>Arbeitseins\u00e4tze<\/strong><br \/>\nArbeitseinsatz zur Vorbereitung des Feuers am Donnerstag 23.Juni 2016 ab 17 Uhr auf dem Palmberg. Aufr\u00e4umungsarbeiten am Samstag 25.6.2016 ab 9 Uhr.<\/p>\n<p style=\"text-align: right;\">Hans Niethammer | Schriftf\u00fchrer<\/p>\n","protected":false},"excerpt":{"rendered":"<p>Sonnenwendfeier Unsere diesj\u00e4hrige Sonnenwendfeier findet am Freitag, dem 24.Juni 2016 auf dem Palmberg statt. Beginn ist um 19 Uhr. Bei Einbruch der Dunkelheit wollen wir einen Fackelzug mit anschlie\u00dfender Entz\u00fcndung des Sonnenwendfeuers starten. Mit gemeinsamem Singen am Feuer wollen wir noch eine Weile gem\u00fctlich beisammen sein. F\u00fcr das leibliche Wohl wird auch gesorgt. Arbeitseins\u00e4tze ArbeitseinsatzContinue reading &rarr;<\/p>\n","protected":false},"author":1,"featured_media":0,"comment_status":"closed","ping_status":"closed","sticky":false,"template":"","format":"standard","meta":{"footnotes":""},"categories":[1],"tags":[],"class_list":["post-1819","post","type-post","status-publish","format-standard","hentry","category-aktuelles","no-thumb"],"_links":{"self":[{"href":"https:\/\/www.hwv-ammerbuch.de\/index.php?rest_route=\/wp\/v2\/posts\/1819","targetHints":{"allow":["GET"]}}],"collection":[{"href":"https:\/\/www.hwv-ammerbuch.de\/index.php?rest_route=\/wp\/v2\/posts"}],"about":[{"href":"https:\/\/www.hwv-ammerbuch.de\/index.php?rest_route=\/wp\/v2\/types\/post"}],"author":[{"embeddable":true,"href":"https:\/\/www.hwv-ammerbuch.de\/index.php?rest_route=\/wp\/v2\/users\/1"}],"replies":[{"embeddable":true,"href":"https:\/\/www.hwv-ammerbuch.de\/index.php?rest_route=%2Fwp%2Fv2%2Fcomments&post=1819"}],"version-history":[{"count":1,"href":"https:\/\/www.hwv-ammerbuch.de\/index.php?rest_route=\/wp\/v2\/posts\/1819\/revisions"}],"predecessor-version":[{"id":1820,"href":"https:\/\/www.hwv-ammerbuch.de\/index.php?rest_route=\/wp\/v2\/posts\/1819\/revisions\/1820"}],"wp:attachment":[{"href":"https:\/\/www.hwv-ammerbuch.de\/index.php?rest_route=%2Fwp%2Fv2%2Fmedia&parent=1819"}],"wp:term":[{"taxonomy":"category","embeddable":true,"href":"https:\/\/www.hwv-ammerbuch.de\/index.php?rest_route=%2Fwp%2Fv2%2Fcategories&post=1819"},{"taxonomy":"post_tag","embeddable":true,"href":"https:\/\/www.hwv-ammerbuch.de\/index.php?rest_route=%2Fwp%2Fv2%2Ftags&post=1819"}],"curies":[{"name":"wp","href":"https:\/\/api.w.org\/{rel}","templated":true}]}}