{"id":1816,"date":"2016-06-15T06:17:19","date_gmt":"2016-06-15T06:17:19","guid":{"rendered":"http:\/\/wp.hwv-ammerbuch.de\/?p=1816"},"modified":"2016-06-23T06:19:26","modified_gmt":"2016-06-23T06:19:26","slug":"1816","status":"publish","type":"post","link":"https:\/\/www.hwv-ammerbuch.de\/?p=1816","title":{"rendered":""},"content":{"rendered":"<p><strong>H\u00fcttenbetrieb Dienstagstreff<\/strong><br \/>\nAm Dienstag, den 21.6.2016 ist die Palmbergh\u00fctte ab 15:00 Uhr ge\u00f6ffnet.\u00a0Die Wirtsleute Monika und Wolfgang Mang sind bereit viele gutgelaunte G\u00e4ste zu bewirten.<\/p>\n<p><strong>Arbeitseins\u00e4tze<\/strong><br \/>\nArbeitseinsatz zur Vorbereitung des Feuers am Donnerstag 23. Juni 2016 ab 17 Uhr auf dem Palmberg. Aufr\u00e4umungsarbeiten am Samstag 25.6.2016 ab 9 Uhr.<\/p>\n<p><strong>Sonnenwendfeier<\/strong><br \/>\nUnsere diesj\u00e4hrige Sonnenwendfeier findet am Freitag, dem 24. Juni 2016 auf dem Palmberg statt. Beginn ist um 19 Uhr. Bei Einbruch der Dunkelheit wollen wir einen Fackelzug mit anschlie\u00dfender Entz\u00fcndung des Sonnenwendfeuers starten. Mit gemeinsamem Singen am Feuer wollen wir noch eine Weile gem\u00fctlich beisammen sein. F\u00fcr das leibliche Wohl wird auch gesorgt. Am Samstag ab 9 Uhr Aufr\u00e4umarbeiten.<\/p>\n<div><strong>Einladung<\/strong><\/div>\n<div>Der Liederkranz Poltringen hat uns zu seinem Fr\u00fchjahrskonzert am Samstag 18. Juni 2016 und am Sonntag 19. Juni 2016 eingeladen. Mehr Informationen unter Vereinsnachrichten LKP.<\/div>\n<p style=\"text-align: right;\">Hans Niethammer | Schriftf\u00fchrer<\/p>\n","protected":false},"excerpt":{"rendered":"<p>H\u00fcttenbetrieb Dienstagstreff Am Dienstag, den 21.6.2016 ist die Palmbergh\u00fctte ab 15:00 Uhr ge\u00f6ffnet.\u00a0Die Wirtsleute Monika und Wolfgang Mang sind bereit viele gutgelaunte G\u00e4ste zu bewirten. Arbeitseins\u00e4tze Arbeitseinsatz zur Vorbereitung des Feuers am Donnerstag 23. Juni 2016 ab 17 Uhr auf dem Palmberg. Aufr\u00e4umungsarbeiten am Samstag 25.6.2016 ab 9 Uhr. Sonnenwendfeier Unsere diesj\u00e4hrige Sonnenwendfeier findet amContinue reading &rarr;<\/p>\n","protected":false},"author":1,"featured_media":0,"comment_status":"closed","ping_status":"closed","sticky":false,"template":"","format":"standard","meta":{"footnotes":""},"categories":[1],"tags":[],"class_list":["post-1816","post","type-post","status-publish","format-standard","hentry","category-aktuelles","no-thumb"],"_links":{"self":[{"href":"https:\/\/www.hwv-ammerbuch.de\/index.php?rest_route=\/wp\/v2\/posts\/1816","targetHints":{"allow":["GET"]}}],"collection":[{"href":"https:\/\/www.hwv-ammerbuch.de\/index.php?rest_route=\/wp\/v2\/posts"}],"about":[{"href":"https:\/\/www.hwv-ammerbuch.de\/index.php?rest_route=\/wp\/v2\/types\/post"}],"author":[{"embeddable":true,"href":"https:\/\/www.hwv-ammerbuch.de\/index.php?rest_route=\/wp\/v2\/users\/1"}],"replies":[{"embeddable":true,"href":"https:\/\/www.hwv-ammerbuch.de\/index.php?rest_route=%2Fwp%2Fv2%2Fcomments&post=1816"}],"version-history":[{"count":2,"href":"https:\/\/www.hwv-ammerbuch.de\/index.php?rest_route=\/wp\/v2\/posts\/1816\/revisions"}],"predecessor-version":[{"id":1818,"href":"https:\/\/www.hwv-ammerbuch.de\/index.php?rest_route=\/wp\/v2\/posts\/1816\/revisions\/1818"}],"wp:attachment":[{"href":"https:\/\/www.hwv-ammerbuch.de\/index.php?rest_route=%2Fwp%2Fv2%2Fmedia&parent=1816"}],"wp:term":[{"taxonomy":"category","embeddable":true,"href":"https:\/\/www.hwv-ammerbuch.de\/index.php?rest_route=%2Fwp%2Fv2%2Fcategories&post=1816"},{"taxonomy":"post_tag","embeddable":true,"href":"https:\/\/www.hwv-ammerbuch.de\/index.php?rest_route=%2Fwp%2Fv2%2Ftags&post=1816"}],"curies":[{"name":"wp","href":"https:\/\/api.w.org\/{rel}","templated":true}]}}