{"id":1786,"date":"2016-04-18T07:14:42","date_gmt":"2016-04-18T07:14:42","guid":{"rendered":"http:\/\/wp.hwv-ammerbuch.de\/?p=1786"},"modified":"2016-04-25T09:05:26","modified_gmt":"2016-04-25T09:05:26","slug":"1786","status":"publish","type":"post","link":"https:\/\/www.hwv-ammerbuch.de\/?p=1786","title":{"rendered":""},"content":{"rendered":"<div><strong>Hallo Jugendliche des Jahrgangs 1998\/1999<\/strong><\/div>\n<div>Der Maibaum wird aufgestellt. In vielen Gemeinden macht die Jugend mit und so ist es auch bei uns. Wir treffen uns am Samstag, 30. 4. 2016 ab 17 Uhr beim H\u00fclenplatz in Poltringen (Entringerstra\u00dfe\u00a0 gegen\u00fcber Flaschnerei Sailer).<\/div>\n<div>Die M\u00e4dchen schm\u00fccken mit B\u00e4ndern den Maibaum. Die Jungs montieren die Holzschilder. (Arbeitskleidung, Arbeitshandschuhe) Das Ganze dauert etwa 1 Stunde.<\/div>\n<div>Um 19 Uhr ist es dann soweit. Der Maibaum wird von den Jahrg\u00e4ngern aufgestellt.<\/div>\n<div>Also zeigt, was in Euch steckt! Leider haben wir nicht alle Adressen. Es w\u00e4re nett, wenn ihr euren Jahrg\u00e4ngern\/innen Bescheid geben k\u00f6nnt. &#8222;Zugezogene&#8220; sind herzlich willkommen. Bitte meldet Euch bei Margot Sailer (070732127) oder bei Marietta Sailer. Facebook Adresse: <a href=\"https:\/\/www.facebook.com\/marie.sailer.796\" target=\"_blank\">Marie Sailer<\/a><\/p>\n<div><\/div>\n<div><strong>Maibaumaufstellen am 30.4.2016<\/strong><\/div>\n<\/div>\n<div>Wer wei\u00df ein sch\u00f6nes Fr\u00fchlingsgedicht, oder ein Lied, oder wer m\u00f6chte beim Maibaumaufstellen einen kleinen Vortrag machen?<\/div>\n<div>Bitte meldet Euch bei Margot Sailer (070732127)<\/div>\n<div><\/div>\n<div style=\"text-align: right;\">Margot Sailer | 1. Vorsitzende<\/div>\n<div><\/div>\n<div><\/div>\n<div>\n<div><\/div>\n<p>&nbsp;<\/p>\n<div id=\"attachment_1788\" style=\"width: 177px\" class=\"wp-caption alignright\"><a href=\"http:\/\/wp.hwv-ammerbuch.de\/wp-content\/uploads\/2016\/04\/IMG_2253-s.jpg\"><img loading=\"lazy\" decoding=\"async\" aria-describedby=\"caption-attachment-1788\" class=\"wp-image-1788 \" alt=\"Der &quot;geehrte&quot; Platzwart Willi Friedrich\" src=\"http:\/\/wp.hwv-ammerbuch.de\/wp-content\/uploads\/2016\/04\/IMG_2253-s-517x1024.jpg\" width=\"167\" height=\"331\" srcset=\"https:\/\/www.hwv-ammerbuch.de\/wp-content\/uploads\/2016\/04\/IMG_2253-s-517x1024.jpg 517w, https:\/\/www.hwv-ammerbuch.de\/wp-content\/uploads\/2016\/04\/IMG_2253-s-151x300.jpg 151w, https:\/\/www.hwv-ammerbuch.de\/wp-content\/uploads\/2016\/04\/IMG_2253-s.jpg 758w\" sizes=\"auto, (max-width: 167px) 100vw, 167px\" \/><\/a><p id=\"caption-attachment-1788\" class=\"wp-caption-text\">Der &#8222;geehrte&#8220; Platzwart Willi Friedrich<\/p><\/div>\n<p><strong>Ehr<\/strong><strong>ung f\u00fcr Willi Friedrich<\/strong><br \/>\nIm Rahmen der letzten Ausschusssitzung wurde unser bisheriges\u00a0 Ausschussmitglied Willi Friedrich f\u00fcr seine T\u00e4tigkeiten als Platzwart geehrt. In den vergangenen 8 Jahren hat er in seiner bekannten Art und Weise mit viel Einsatzfreude die anfallenden Arbeiten auf dem Palmberggel\u00e4nde erledigt. Das Gel\u00e4nde um die Palmbergh\u00fctte war stets gepflegt. Die Organisation f\u00fcr das j\u00e4hrliche Besorgen eines \u201eMaibaumes\u201c war bei ihm in besten H\u00e4nden. Genauso wie die Versorgung mit Brennmaterial f\u00fcr das Sonnenwendfeuer und der Aufbau Desselben. Als Zeichen des Dankes \u00a0f\u00fcr seine unerm\u00fcdlichen Eins\u00e4tze \u00fcberreichte ihm die 1. Vorsitzende Margot Sailer einen Steinkrug mit Vereinswappen und Widmung.<\/p>\n<\/div>\n<div><\/div>\n<div><strong>H\u00fcttenbetrieb Dienstagstreff<\/strong><\/div>\n<div>Am Dienstag, 26.04.2016, ist die Palmbergh\u00fctte ab 15:00 Uhr ge\u00f6ffnet.<\/div>\n<div>Die Wirtsleute Monika und Wolfgang Mang sind bereit viele gutgelaunte G\u00e4ste zu bewirten.<\/div>\n<div style=\"text-align: right;\"><\/div>\n<div style=\"text-align: right;\">Hans Niethammer | Schriftf\u00fchrer<\/div>\n","protected":false},"excerpt":{"rendered":"<p>Hallo Jugendliche des Jahrgangs 1998\/1999 Der Maibaum wird aufgestellt. In vielen Gemeinden macht die Jugend mit und so ist es auch bei uns. Wir treffen uns am Samstag, 30. 4. 2016 ab 17 Uhr beim H\u00fclenplatz in Poltringen (Entringerstra\u00dfe\u00a0 gegen\u00fcber Flaschnerei Sailer). Die M\u00e4dchen schm\u00fccken mit B\u00e4ndern den Maibaum. Die Jungs montieren die Holzschilder. (Arbeitskleidung,Continue reading &rarr;<\/p>\n","protected":false},"author":1,"featured_media":0,"comment_status":"closed","ping_status":"closed","sticky":false,"template":"","format":"standard","meta":{"footnotes":""},"categories":[1],"tags":[],"class_list":["post-1786","post","type-post","status-publish","format-standard","hentry","category-aktuelles","no-thumb"],"_links":{"self":[{"href":"https:\/\/www.hwv-ammerbuch.de\/index.php?rest_route=\/wp\/v2\/posts\/1786","targetHints":{"allow":["GET"]}}],"collection":[{"href":"https:\/\/www.hwv-ammerbuch.de\/index.php?rest_route=\/wp\/v2\/posts"}],"about":[{"href":"https:\/\/www.hwv-ammerbuch.de\/index.php?rest_route=\/wp\/v2\/types\/post"}],"author":[{"embeddable":true,"href":"https:\/\/www.hwv-ammerbuch.de\/index.php?rest_route=\/wp\/v2\/users\/1"}],"replies":[{"embeddable":true,"href":"https:\/\/www.hwv-ammerbuch.de\/index.php?rest_route=%2Fwp%2Fv2%2Fcomments&post=1786"}],"version-history":[{"count":8,"href":"https:\/\/www.hwv-ammerbuch.de\/index.php?rest_route=\/wp\/v2\/posts\/1786\/revisions"}],"predecessor-version":[{"id":1801,"href":"https:\/\/www.hwv-ammerbuch.de\/index.php?rest_route=\/wp\/v2\/posts\/1786\/revisions\/1801"}],"wp:attachment":[{"href":"https:\/\/www.hwv-ammerbuch.de\/index.php?rest_route=%2Fwp%2Fv2%2Fmedia&parent=1786"}],"wp:term":[{"taxonomy":"category","embeddable":true,"href":"https:\/\/www.hwv-ammerbuch.de\/index.php?rest_route=%2Fwp%2Fv2%2Fcategories&post=1786"},{"taxonomy":"post_tag","embeddable":true,"href":"https:\/\/www.hwv-ammerbuch.de\/index.php?rest_route=%2Fwp%2Fv2%2Ftags&post=1786"}],"curies":[{"name":"wp","href":"https:\/\/api.w.org\/{rel}","templated":true}]}}