{"id":1782,"date":"2016-04-12T09:35:09","date_gmt":"2016-04-12T09:35:09","guid":{"rendered":"http:\/\/wp.hwv-ammerbuch.de\/?p=1782"},"modified":"2016-04-12T09:35:09","modified_gmt":"2016-04-12T09:35:09","slug":"1782","status":"publish","type":"post","link":"https:\/\/www.hwv-ammerbuch.de\/?p=1782","title":{"rendered":""},"content":{"rendered":"<div id=\"attachment_1784\" style=\"width: 594px\" class=\"wp-caption alignnone\"><a href=\"http:\/\/wp.hwv-ammerbuch.de\/wp-content\/uploads\/2016\/04\/IMG_2190.jpg\"><img loading=\"lazy\" decoding=\"async\" aria-describedby=\"caption-attachment-1784\" class=\" wp-image-1784\" alt=\"IMG_2190\" src=\"http:\/\/wp.hwv-ammerbuch.de\/wp-content\/uploads\/2016\/04\/IMG_2190-1024x768.jpg\" width=\"584\" height=\"438\" srcset=\"https:\/\/www.hwv-ammerbuch.de\/wp-content\/uploads\/2016\/04\/IMG_2190-1024x768.jpg 1024w, https:\/\/www.hwv-ammerbuch.de\/wp-content\/uploads\/2016\/04\/IMG_2190-300x225.jpg 300w, https:\/\/www.hwv-ammerbuch.de\/wp-content\/uploads\/2016\/04\/IMG_2190-400x300.jpg 400w, https:\/\/www.hwv-ammerbuch.de\/wp-content\/uploads\/2016\/04\/IMG_2190.jpg 1500w\" sizes=\"auto, (max-width: 584px) 100vw, 584px\" \/><\/a><p id=\"caption-attachment-1784\" class=\"wp-caption-text\">Die geehrten v.l.n.r Anton Sailer, Inge Sailer und Hans Niethammer<\/p><\/div>\n<p><span style=\"font-family: Arial,sans-serif;\"><span style=\"font-size: large;\">Jahreshauptversammlung<\/span><\/span><\/p>\n<p><span style=\"font-family: Arial,sans-serif;\">Einstimmig wiedergew\u00e4hlt haben die 23 anwesenden Mitglieder, die zur Jahreshauptversammlung am 4. M\u00e4rz 2016 zur Wahl anstehenden Posten, die bisherigen Inhaber. Da es keine neuen Vorschl\u00e4ge gab wurden Margot Sailer<\/span><\/p>\n<p><span style=\"font-family: Arial,sans-serif;\">1. Vorsitzende,\u00a0<\/span><span style=\"font-family: Arial,sans-serif;\">Monika Mang Kassiererin, Erika Niethammer Kulturwartin, und Wolfgang Mang 1. H\u00fcttenwart\u00a0<\/span><span style=\"font-family: Arial,sans-serif;\">f\u00fcr die n\u00e4chsten 2 Jahre in ihren \u00c4mtern best\u00e4tigt. Leider konnte der Posten \u201ePlatzwart\u201c nicht mehr belegt werden. Willi Friedrich stellte sich nicht mehr zur Wiederwahl und ein Ersatzkandidat- in konnte nicht gefunden werden.<\/span><\/p>\n<p><span style=\"font-family: Arial,sans-serif;\">In ihrem Bericht erw\u00e4hnte die 1. Vorsitzende Margot Sailer die regen Vereinsaktivit\u00e4ten im vergangenen Jahr. Die zahlreichen Vereinsveranstaltungen wurden Dank der flei\u00dfigen Helfer aus dem Kreise der Mitglieder, ebenso erfolgreich durchgef\u00fchrt wie die Vereinswanderungen und die Arbeitseins\u00e4tze auf dem Vereinsgel\u00e4nde und an der Palmbergh\u00fctte. Gro\u00dfes Lob gab es f\u00fcr die Posteninhaber des Vorstandes und des Ausschusses. Der anwesende Ortsvorsteher Herr Reinhold Hess bescheinigte der Vereinsleitung hervorragende Arbeit und empfahl der Versammlung die Entlastung der gesamten Vorstandschaft. Die Entlastung endete mit einer einstimmigen Best\u00e4tigung.<\/span><\/p>\n<p><span style=\"font-family: Arial,sans-serif;\">Der 1. H\u00fcttenwart Wolfgang Mang berichtete \u00fcber erfolgreich durchgef\u00fchrte H\u00fcttenvermietungen und den eigenen H\u00fctten\u00f6ffnungsterminen.<\/span><\/p>\n<p><span style=\"font-family: Arial,sans-serif;\">In Ihrem Bericht beschrieb Kulturwartin Erika Niethammer 37 kurzweilige Stricknachmittage in der Palmbergh\u00fctte, das Zwiebelkuchenfest, den Weihnachtsbazar, und den Besuch eines Musicals in Stuttgart. Platzwart Willi Friedrich z\u00e4hlte die umfangreichen T\u00e4tigkeiten auf dem Vereinsgel\u00e4nde auf. Es wurden einige Reparaturen durchgef\u00fchrt. Unter Anderem das Dach der Tanzfl\u00e4che, die Feuerstelle, die Holzb\u00e4nke der Feuerstelle und der Rasen um den neu gerichteten Parkplatz wurde einges\u00e4t.<\/span><\/p>\n<p><span style=\"font-family: Arial,sans-serif;\">Wanderwart Gerold Sailer berichtete \u00fcber die durchgef\u00fchrten Wanderveranstaltungen und zeigt Bilder von Denselben. Inge Sailer, Anton Sailer und Hans Niethammer wurden f\u00fcr 40 Jahre Vereinszugeh\u00f6rigkeit geehrt.<\/span><\/p>\n<p style=\"text-align: right;\"><span style=\"font-family: Arial,sans-serif;\">Hans Niethammer | Schriftf\u00fchrer<\/span><\/p>\n","protected":false},"excerpt":{"rendered":"<p>Jahreshauptversammlung Einstimmig wiedergew\u00e4hlt haben die 23 anwesenden Mitglieder, die zur Jahreshauptversammlung am 4. M\u00e4rz 2016 zur Wahl anstehenden Posten, die bisherigen Inhaber. Da es keine neuen Vorschl\u00e4ge gab wurden Margot Sailer 1. Vorsitzende,\u00a0Monika Mang Kassiererin, Erika Niethammer Kulturwartin, und Wolfgang Mang 1. H\u00fcttenwart\u00a0f\u00fcr die n\u00e4chsten 2 Jahre in ihren \u00c4mtern best\u00e4tigt. Leider konnte der PostenContinue reading &rarr;<\/p>\n","protected":false},"author":1,"featured_media":0,"comment_status":"closed","ping_status":"closed","sticky":false,"template":"","format":"standard","meta":{"footnotes":""},"categories":[1],"tags":[],"class_list":["post-1782","post","type-post","status-publish","format-standard","hentry","category-aktuelles","no-thumb"],"_links":{"self":[{"href":"https:\/\/www.hwv-ammerbuch.de\/index.php?rest_route=\/wp\/v2\/posts\/1782","targetHints":{"allow":["GET"]}}],"collection":[{"href":"https:\/\/www.hwv-ammerbuch.de\/index.php?rest_route=\/wp\/v2\/posts"}],"about":[{"href":"https:\/\/www.hwv-ammerbuch.de\/index.php?rest_route=\/wp\/v2\/types\/post"}],"author":[{"embeddable":true,"href":"https:\/\/www.hwv-ammerbuch.de\/index.php?rest_route=\/wp\/v2\/users\/1"}],"replies":[{"embeddable":true,"href":"https:\/\/www.hwv-ammerbuch.de\/index.php?rest_route=%2Fwp%2Fv2%2Fcomments&post=1782"}],"version-history":[{"count":1,"href":"https:\/\/www.hwv-ammerbuch.de\/index.php?rest_route=\/wp\/v2\/posts\/1782\/revisions"}],"predecessor-version":[{"id":1785,"href":"https:\/\/www.hwv-ammerbuch.de\/index.php?rest_route=\/wp\/v2\/posts\/1782\/revisions\/1785"}],"wp:attachment":[{"href":"https:\/\/www.hwv-ammerbuch.de\/index.php?rest_route=%2Fwp%2Fv2%2Fmedia&parent=1782"}],"wp:term":[{"taxonomy":"category","embeddable":true,"href":"https:\/\/www.hwv-ammerbuch.de\/index.php?rest_route=%2Fwp%2Fv2%2Fcategories&post=1782"},{"taxonomy":"post_tag","embeddable":true,"href":"https:\/\/www.hwv-ammerbuch.de\/index.php?rest_route=%2Fwp%2Fv2%2Ftags&post=1782"}],"curies":[{"name":"wp","href":"https:\/\/api.w.org\/{rel}","templated":true}]}}