{"id":1773,"date":"2016-02-15T07:16:04","date_gmt":"2016-02-15T07:16:04","guid":{"rendered":"http:\/\/wp.hwv-ammerbuch.de\/?p=1773"},"modified":"2016-02-15T07:16:04","modified_gmt":"2016-02-15T07:16:04","slug":"1773","status":"publish","type":"post","link":"https:\/\/www.hwv-ammerbuch.de\/?p=1773","title":{"rendered":""},"content":{"rendered":"<h2><strong>Einladung zur Jahreshauptversammlung<\/strong><\/h2>\n<p>Am Freitag 4.3.2016<br \/>\nIn der Palmbergh\u00fctte Poltringen<br \/>\nBeginn: 20:00 Uhr<\/p>\n<p><span style=\"text-decoration: underline;\">Tagesordnung:<\/span><br \/>\n1. Begr\u00fc\u00dfung durch die 1. Vorsitzende und Bericht<br \/>\n2. Bericht der Kassiererin<br \/>\n3. Bericht der Kassenpr\u00fcferinnen<br \/>\n4. Bericht des Schriftf\u00fchrers<br \/>\n5. Bericht des H\u00fcttenwartes<br \/>\n6. Bericht der Kulturwartin<br \/>\n7. Bericht des Platzwartes<br \/>\n8. Bericht des Wanderwartes<br \/>\n9. Entlastungen<br \/>\n10. Ehrungen<br \/>\n&#8211;Pause&#8211;<br \/>\n11. Neuwahlen<br \/>\n12. Antr\u00e4ge\/Verschiedenes<\/p>\n<p>Antr\u00e4ge zur Tagesordnung sind bis sp\u00e4testens 28.02.2016 an die 1. Vorsitzende Margot Sailer zu richten.<\/p>\n<p style=\"text-align: right;\">Hans Niethammer | Schriftf\u00fchrer<\/p>\n","protected":false},"excerpt":{"rendered":"<p>Einladung zur Jahreshauptversammlung Am Freitag 4.3.2016 In der Palmbergh\u00fctte Poltringen Beginn: 20:00 Uhr Tagesordnung: 1. Begr\u00fc\u00dfung durch die 1. Vorsitzende und Bericht 2. Bericht der Kassiererin 3. Bericht der Kassenpr\u00fcferinnen 4. Bericht des Schriftf\u00fchrers 5. Bericht des H\u00fcttenwartes 6. Bericht der Kulturwartin 7. Bericht des Platzwartes 8. Bericht des Wanderwartes 9. Entlastungen 10. Ehrungen &#8211;Pause&#8211;Continue reading &rarr;<\/p>\n","protected":false},"author":1,"featured_media":0,"comment_status":"closed","ping_status":"closed","sticky":false,"template":"","format":"standard","meta":{"footnotes":""},"categories":[1],"tags":[],"class_list":["post-1773","post","type-post","status-publish","format-standard","hentry","category-aktuelles","no-thumb"],"_links":{"self":[{"href":"https:\/\/www.hwv-ammerbuch.de\/index.php?rest_route=\/wp\/v2\/posts\/1773","targetHints":{"allow":["GET"]}}],"collection":[{"href":"https:\/\/www.hwv-ammerbuch.de\/index.php?rest_route=\/wp\/v2\/posts"}],"about":[{"href":"https:\/\/www.hwv-ammerbuch.de\/index.php?rest_route=\/wp\/v2\/types\/post"}],"author":[{"embeddable":true,"href":"https:\/\/www.hwv-ammerbuch.de\/index.php?rest_route=\/wp\/v2\/users\/1"}],"replies":[{"embeddable":true,"href":"https:\/\/www.hwv-ammerbuch.de\/index.php?rest_route=%2Fwp%2Fv2%2Fcomments&post=1773"}],"version-history":[{"count":1,"href":"https:\/\/www.hwv-ammerbuch.de\/index.php?rest_route=\/wp\/v2\/posts\/1773\/revisions"}],"predecessor-version":[{"id":1774,"href":"https:\/\/www.hwv-ammerbuch.de\/index.php?rest_route=\/wp\/v2\/posts\/1773\/revisions\/1774"}],"wp:attachment":[{"href":"https:\/\/www.hwv-ammerbuch.de\/index.php?rest_route=%2Fwp%2Fv2%2Fmedia&parent=1773"}],"wp:term":[{"taxonomy":"category","embeddable":true,"href":"https:\/\/www.hwv-ammerbuch.de\/index.php?rest_route=%2Fwp%2Fv2%2Fcategories&post=1773"},{"taxonomy":"post_tag","embeddable":true,"href":"https:\/\/www.hwv-ammerbuch.de\/index.php?rest_route=%2Fwp%2Fv2%2Ftags&post=1773"}],"curies":[{"name":"wp","href":"https:\/\/api.w.org\/{rel}","templated":true}]}}