{"id":1739,"date":"2015-11-29T22:05:02","date_gmt":"2015-11-29T22:05:02","guid":{"rendered":"http:\/\/wp.hwv-ammerbuch.de\/?p=1739"},"modified":"2015-11-29T22:05:02","modified_gmt":"2015-11-29T22:05:02","slug":"1739","status":"publish","type":"post","link":"https:\/\/www.hwv-ammerbuch.de\/?p=1739","title":{"rendered":""},"content":{"rendered":"<p><strong>Nachtwanderung zum K\u00f6niglichen Weihnachtsmarkt<\/strong><br \/>\nZu unserer diesj\u00e4hrigen Nachtwanderung treffen wir uns am Freitag, den 04.12.2015, um 16.30 Uhr, ausger\u00fcstet mit gutem Schuhwerk und Taschenlampe, wie gewohnt am Poltringer Rathaus. Von dort aus machen wir uns mit dem Auto auf den Weg zum Hofgut Dom\u00e4ne bei Hechingen. Zu Fu\u00df geht es dann weiter zur Burg Hohenzollern, wo uns der K\u00f6nigliche Weihnachtsmarkt mit all seinem Weihnachtszauber erwartet. Der K\u00f6nigliche Weihnachtsmarkt soll mit seiner imposanten Lage und dem einzigartigen Ambiente einer der sch\u00f6nsten Weihnachtsm\u00e4rkte Deutschlands sein. Zahlreiche Anbieter pr\u00e4sentieren im Burggarten, im Burghof, im Kutschenhof sowie in der Stammbaumhalle und im Grafensaal eine Auswahl an besonderen Accessoires und ausgefallenen kulinarischen K\u00f6stlichkeiten. Wenn der Weihnachtsmarkt um 21.00 Uhr dann seine Pforten schlie\u00dft, bleibt gen\u00fcgend Zeit, um im Hofgut Dom\u00e4ne noch gem\u00fctlich einzukehren. Um 23.30 Uhr werden wir voraussichtlich wieder in Poltringen eintreffen.<br \/>\nGastwanderer sind herzlich eingeladen.<br \/>\nDer Besuch des Weihnachtsmarktes ist eintrittspflichtig:<br \/>\nErwachsene 10,00 Euro | Erm\u00e4\u00dfigt 8,00 Euro | Kinder und Jugendliche bis einschlie\u00dflich 16 Jahre sind frei.<\/p>\n<p style=\"text-align: right;\">Wanderf\u00fchrer | Egon Bischofberger<\/p>\n<p><strong>H\u00fcttenbetrieb Dienstagstreff<\/strong><br \/>\nAm Dienstag, dem 8.12.2015 ist die Palmbergh\u00fctte ab 15:00 Uhr ge\u00f6ffnet.<br \/>\nDie Wirtsleute Monika und Wolfgang Mang sind bereit viele gutgelaunte G\u00e4ste zu bewirten.<\/p>\n<p style=\"text-align: right;\">Hans Niethammer | Schriftf\u00fchrer<\/p>\n","protected":false},"excerpt":{"rendered":"<p>Nachtwanderung zum K\u00f6niglichen Weihnachtsmarkt Zu unserer diesj\u00e4hrigen Nachtwanderung treffen wir uns am Freitag, den 04.12.2015, um 16.30 Uhr, ausger\u00fcstet mit gutem Schuhwerk und Taschenlampe, wie gewohnt am Poltringer Rathaus. Von dort aus machen wir uns mit dem Auto auf den Weg zum Hofgut Dom\u00e4ne bei Hechingen. Zu Fu\u00df geht es dann weiter zur Burg Hohenzollern,Continue reading &rarr;<\/p>\n","protected":false},"author":1,"featured_media":0,"comment_status":"closed","ping_status":"closed","sticky":false,"template":"","format":"standard","meta":{"footnotes":""},"categories":[1],"tags":[],"class_list":["post-1739","post","type-post","status-publish","format-standard","hentry","category-aktuelles","no-thumb"],"_links":{"self":[{"href":"https:\/\/www.hwv-ammerbuch.de\/index.php?rest_route=\/wp\/v2\/posts\/1739","targetHints":{"allow":["GET"]}}],"collection":[{"href":"https:\/\/www.hwv-ammerbuch.de\/index.php?rest_route=\/wp\/v2\/posts"}],"about":[{"href":"https:\/\/www.hwv-ammerbuch.de\/index.php?rest_route=\/wp\/v2\/types\/post"}],"author":[{"embeddable":true,"href":"https:\/\/www.hwv-ammerbuch.de\/index.php?rest_route=\/wp\/v2\/users\/1"}],"replies":[{"embeddable":true,"href":"https:\/\/www.hwv-ammerbuch.de\/index.php?rest_route=%2Fwp%2Fv2%2Fcomments&post=1739"}],"version-history":[{"count":1,"href":"https:\/\/www.hwv-ammerbuch.de\/index.php?rest_route=\/wp\/v2\/posts\/1739\/revisions"}],"predecessor-version":[{"id":1740,"href":"https:\/\/www.hwv-ammerbuch.de\/index.php?rest_route=\/wp\/v2\/posts\/1739\/revisions\/1740"}],"wp:attachment":[{"href":"https:\/\/www.hwv-ammerbuch.de\/index.php?rest_route=%2Fwp%2Fv2%2Fmedia&parent=1739"}],"wp:term":[{"taxonomy":"category","embeddable":true,"href":"https:\/\/www.hwv-ammerbuch.de\/index.php?rest_route=%2Fwp%2Fv2%2Fcategories&post=1739"},{"taxonomy":"post_tag","embeddable":true,"href":"https:\/\/www.hwv-ammerbuch.de\/index.php?rest_route=%2Fwp%2Fv2%2Ftags&post=1739"}],"curies":[{"name":"wp","href":"https:\/\/api.w.org\/{rel}","templated":true}]}}