{"id":1737,"date":"2015-11-25T22:03:12","date_gmt":"2015-11-25T22:03:12","guid":{"rendered":"http:\/\/wp.hwv-ammerbuch.de\/?p=1737"},"modified":"2015-11-29T22:04:03","modified_gmt":"2015-11-29T22:04:03","slug":"1737","status":"publish","type":"post","link":"https:\/\/www.hwv-ammerbuch.de\/?p=1737","title":{"rendered":""},"content":{"rendered":"<p><strong>Nachtwanderung<\/strong><br \/>\nF\u00fcr unsere diesj\u00e4hrige Nachtwanderung hat sich Wanderf\u00fchrer Egon Bischofberger den Besuch des Weihnachtsmarktes Burg Hohenzollern ausgesucht. Der Termin wurde auf Freitag den 4. Dezember 2015 gelegt. N\u00e4heres in einer Woche an diesem Platz. Info auch im Internet unter: <a href=\"http:\/\/www.weihnachtsmarkt-deutschland.de\/weihnachtsmarkt-burg-hohenzollern.html\" target=\"_blank\">www.weihnachtsmarkt-deutschland.de<\/a><\/p>\n<p style=\"text-align: right;\">Hans Niethammer | Schriftf\u00fchrer<\/p>\n","protected":false},"excerpt":{"rendered":"<p>Nachtwanderung F\u00fcr unsere diesj\u00e4hrige Nachtwanderung hat sich Wanderf\u00fchrer Egon Bischofberger den Besuch des Weihnachtsmarktes Burg Hohenzollern ausgesucht. Der Termin wurde auf Freitag den 4. Dezember 2015 gelegt. N\u00e4heres in einer Woche an diesem Platz. Info auch im Internet unter: www.weihnachtsmarkt-deutschland.de Hans Niethammer | Schriftf\u00fchrer<\/p>\n","protected":false},"author":1,"featured_media":0,"comment_status":"closed","ping_status":"closed","sticky":false,"template":"","format":"standard","meta":{"footnotes":""},"categories":[1],"tags":[],"class_list":["post-1737","post","type-post","status-publish","format-standard","hentry","category-aktuelles","no-thumb"],"_links":{"self":[{"href":"https:\/\/www.hwv-ammerbuch.de\/index.php?rest_route=\/wp\/v2\/posts\/1737","targetHints":{"allow":["GET"]}}],"collection":[{"href":"https:\/\/www.hwv-ammerbuch.de\/index.php?rest_route=\/wp\/v2\/posts"}],"about":[{"href":"https:\/\/www.hwv-ammerbuch.de\/index.php?rest_route=\/wp\/v2\/types\/post"}],"author":[{"embeddable":true,"href":"https:\/\/www.hwv-ammerbuch.de\/index.php?rest_route=\/wp\/v2\/users\/1"}],"replies":[{"embeddable":true,"href":"https:\/\/www.hwv-ammerbuch.de\/index.php?rest_route=%2Fwp%2Fv2%2Fcomments&post=1737"}],"version-history":[{"count":1,"href":"https:\/\/www.hwv-ammerbuch.de\/index.php?rest_route=\/wp\/v2\/posts\/1737\/revisions"}],"predecessor-version":[{"id":1738,"href":"https:\/\/www.hwv-ammerbuch.de\/index.php?rest_route=\/wp\/v2\/posts\/1737\/revisions\/1738"}],"wp:attachment":[{"href":"https:\/\/www.hwv-ammerbuch.de\/index.php?rest_route=%2Fwp%2Fv2%2Fmedia&parent=1737"}],"wp:term":[{"taxonomy":"category","embeddable":true,"href":"https:\/\/www.hwv-ammerbuch.de\/index.php?rest_route=%2Fwp%2Fv2%2Fcategories&post=1737"},{"taxonomy":"post_tag","embeddable":true,"href":"https:\/\/www.hwv-ammerbuch.de\/index.php?rest_route=%2Fwp%2Fv2%2Ftags&post=1737"}],"curies":[{"name":"wp","href":"https:\/\/api.w.org\/{rel}","templated":true}]}}