{"id":1717,"date":"2015-11-09T09:10:08","date_gmt":"2015-11-09T09:10:08","guid":{"rendered":"http:\/\/wp.hwv-ammerbuch.de\/?p=1717"},"modified":"2015-11-09T09:10:08","modified_gmt":"2015-11-09T09:10:08","slug":"1717","status":"publish","type":"post","link":"https:\/\/www.hwv-ammerbuch.de\/?p=1717","title":{"rendered":""},"content":{"rendered":"<p><strong>Strickbazar<\/strong><br \/>\nAm Sonntag, 15.11.2015 ab 11:00 Uhr startet unser 4. Bazar in der Palmbergh\u00fctte. Die Teilnehmerinnen vom \u201eStricknachmittag\u201c haben nun nach harter Arbeit mit Nadeln, Wolle und Faden so Einiges gezaubert das nun zum Verkauf angeboten wird. Das reichhaltige Angebot umfasst Strick- und H\u00e4kelwaren nebst Patchwork und weihnachtliche Dekoartikel. F\u00fcr das leibliche Wohl bieten wir Wei\u00dfwurst mit Brezel und nachmittags Kaffee und Kuchen an. F\u00fcr musikalische Unterhaltung sorgt Emmerich mit live Musik.<\/p>\n<p style=\"text-align: right;\">Hans Niethammer | Schriftf\u00fchrer<\/p>\n","protected":false},"excerpt":{"rendered":"<p>Strickbazar Am Sonntag, 15.11.2015 ab 11:00 Uhr startet unser 4. Bazar in der Palmbergh\u00fctte. Die Teilnehmerinnen vom \u201eStricknachmittag\u201c haben nun nach harter Arbeit mit Nadeln, Wolle und Faden so Einiges gezaubert das nun zum Verkauf angeboten wird. Das reichhaltige Angebot umfasst Strick- und H\u00e4kelwaren nebst Patchwork und weihnachtliche Dekoartikel. F\u00fcr das leibliche Wohl bieten wirContinue reading &rarr;<\/p>\n","protected":false},"author":1,"featured_media":0,"comment_status":"closed","ping_status":"closed","sticky":false,"template":"","format":"standard","meta":{"footnotes":""},"categories":[1],"tags":[],"class_list":["post-1717","post","type-post","status-publish","format-standard","hentry","category-aktuelles","no-thumb"],"_links":{"self":[{"href":"https:\/\/www.hwv-ammerbuch.de\/index.php?rest_route=\/wp\/v2\/posts\/1717","targetHints":{"allow":["GET"]}}],"collection":[{"href":"https:\/\/www.hwv-ammerbuch.de\/index.php?rest_route=\/wp\/v2\/posts"}],"about":[{"href":"https:\/\/www.hwv-ammerbuch.de\/index.php?rest_route=\/wp\/v2\/types\/post"}],"author":[{"embeddable":true,"href":"https:\/\/www.hwv-ammerbuch.de\/index.php?rest_route=\/wp\/v2\/users\/1"}],"replies":[{"embeddable":true,"href":"https:\/\/www.hwv-ammerbuch.de\/index.php?rest_route=%2Fwp%2Fv2%2Fcomments&post=1717"}],"version-history":[{"count":1,"href":"https:\/\/www.hwv-ammerbuch.de\/index.php?rest_route=\/wp\/v2\/posts\/1717\/revisions"}],"predecessor-version":[{"id":1718,"href":"https:\/\/www.hwv-ammerbuch.de\/index.php?rest_route=\/wp\/v2\/posts\/1717\/revisions\/1718"}],"wp:attachment":[{"href":"https:\/\/www.hwv-ammerbuch.de\/index.php?rest_route=%2Fwp%2Fv2%2Fmedia&parent=1717"}],"wp:term":[{"taxonomy":"category","embeddable":true,"href":"https:\/\/www.hwv-ammerbuch.de\/index.php?rest_route=%2Fwp%2Fv2%2Fcategories&post=1717"},{"taxonomy":"post_tag","embeddable":true,"href":"https:\/\/www.hwv-ammerbuch.de\/index.php?rest_route=%2Fwp%2Fv2%2Ftags&post=1717"}],"curies":[{"name":"wp","href":"https:\/\/api.w.org\/{rel}","templated":true}]}}