{"id":1646,"date":"2015-09-14T06:57:03","date_gmt":"2015-09-14T06:57:03","guid":{"rendered":"http:\/\/wp.hwv-ammerbuch.de\/?p=1646"},"modified":"2015-09-14T06:57:03","modified_gmt":"2015-09-14T06:57:03","slug":"1646","status":"publish","type":"post","link":"https:\/\/www.hwv-ammerbuch.de\/?p=1646","title":{"rendered":""},"content":{"rendered":"<p><strong>Wanderung zur Hirschbrunft<\/strong><br \/>\nAm Samstag 19.9.2015 wollen wir wieder zur Hirschbrunft in den Sch\u00f6nbuch wandern.<br \/>\nTreffpunkt um 5:15 Uhr beim Rathaus in Poltringen und um 5:30 Uhr beim Parkplatz Saurucken in Entringen. Gastwanderer sind herzlich willkommen. Die F\u00fchrung werden Egon Bischofberger und Erika Niethammer \u00fcbernehmen. Wie in den vergangenen Jahren beschlie\u00dfen wir die Fr\u00fchwanderung mit einem wie gewohnt grandiosen Fr\u00fchst\u00fcck im Hotel Schmoll in Entringen. Wem es m\u00f6glich ist, sollte sich vorab bei Egon Bischofberger Tel. 91285 melden, damit wir in etwa wissen, wie viele Personen am Fr\u00fchst\u00fcck teilnehmen werden!<\/p>\n<p><strong>Sch\u00f6nbuchwanderung im M\u00e4rz<\/strong><br \/>\nAuf Einladung des SWR haben sich spontan 18 Leute zu einer Halbtagswanderung getroffen. Am 28.3.2015 trafen wir uns um 15:00 Uhr beim Albvereinsh\u00e4usle in Breitenholz mit dem Kamerateam des SWR zur Sch\u00f6nbuchtour. Einzelheiten folgen zu einem sp\u00e4teren Zeitpunkt.<br \/>\nAusgestrahlt wird der Beitrag in der Sendung \u201eSag die Wahrheit\u2018 im 3. Programm (SWR) am Montag 21.09.2015 um 22:00 Uhr. Wer Zeit hat, sollte die Sendung nicht verpassen.<\/p>\n<p style=\"text-align: right;\">Gerold Sailer | Wanderwart<\/p>\n<p><strong>Bitte vormerken<\/strong><br \/>\nArbeitseins\u00e4tze auf dem Vereinsgel\u00e4nde und in und um die H\u00fctte. Am Freitag 25.9.2015 ab 14 Uhr und am Samstag 26.9.2015 ab 10 Uhr<\/p>\n<p style=\"text-align: right;\">Hans Niethammer | Schriftf\u00fchrer<\/p>\n","protected":false},"excerpt":{"rendered":"<p>Wanderung zur Hirschbrunft Am Samstag 19.9.2015 wollen wir wieder zur Hirschbrunft in den Sch\u00f6nbuch wandern. Treffpunkt um 5:15 Uhr beim Rathaus in Poltringen und um 5:30 Uhr beim Parkplatz Saurucken in Entringen. Gastwanderer sind herzlich willkommen. Die F\u00fchrung werden Egon Bischofberger und Erika Niethammer \u00fcbernehmen. Wie in den vergangenen Jahren beschlie\u00dfen wir die Fr\u00fchwanderung mitContinue reading &rarr;<\/p>\n","protected":false},"author":1,"featured_media":0,"comment_status":"closed","ping_status":"closed","sticky":false,"template":"","format":"standard","meta":{"footnotes":""},"categories":[1],"tags":[],"class_list":["post-1646","post","type-post","status-publish","format-standard","hentry","category-aktuelles","no-thumb"],"_links":{"self":[{"href":"https:\/\/www.hwv-ammerbuch.de\/index.php?rest_route=\/wp\/v2\/posts\/1646","targetHints":{"allow":["GET"]}}],"collection":[{"href":"https:\/\/www.hwv-ammerbuch.de\/index.php?rest_route=\/wp\/v2\/posts"}],"about":[{"href":"https:\/\/www.hwv-ammerbuch.de\/index.php?rest_route=\/wp\/v2\/types\/post"}],"author":[{"embeddable":true,"href":"https:\/\/www.hwv-ammerbuch.de\/index.php?rest_route=\/wp\/v2\/users\/1"}],"replies":[{"embeddable":true,"href":"https:\/\/www.hwv-ammerbuch.de\/index.php?rest_route=%2Fwp%2Fv2%2Fcomments&post=1646"}],"version-history":[{"count":1,"href":"https:\/\/www.hwv-ammerbuch.de\/index.php?rest_route=\/wp\/v2\/posts\/1646\/revisions"}],"predecessor-version":[{"id":1647,"href":"https:\/\/www.hwv-ammerbuch.de\/index.php?rest_route=\/wp\/v2\/posts\/1646\/revisions\/1647"}],"wp:attachment":[{"href":"https:\/\/www.hwv-ammerbuch.de\/index.php?rest_route=%2Fwp%2Fv2%2Fmedia&parent=1646"}],"wp:term":[{"taxonomy":"category","embeddable":true,"href":"https:\/\/www.hwv-ammerbuch.de\/index.php?rest_route=%2Fwp%2Fv2%2Fcategories&post=1646"},{"taxonomy":"post_tag","embeddable":true,"href":"https:\/\/www.hwv-ammerbuch.de\/index.php?rest_route=%2Fwp%2Fv2%2Ftags&post=1646"}],"curies":[{"name":"wp","href":"https:\/\/api.w.org\/{rel}","templated":true}]}}