{"id":1633,"date":"2015-07-28T12:04:57","date_gmt":"2015-07-28T12:04:57","guid":{"rendered":"http:\/\/wp.hwv-ammerbuch.de\/?p=1633"},"modified":"2015-07-28T12:04:57","modified_gmt":"2015-07-28T12:04:57","slug":"1633","status":"publish","type":"post","link":"https:\/\/www.hwv-ammerbuch.de\/?p=1633","title":{"rendered":""},"content":{"rendered":"<p><span style=\"font-family: Arial, sans-serif;\"><strong>Tageswanderung am Sonntag 2. August 2015<\/strong><br \/>\n<\/span><span style=\"font-family: Arial, sans-serif;\">Wir treffen uns am Sonntag um 10:00 Uhr beim Rathaus zur Bildung von Fahrgemeinschaften. Zuerst fahren wir Richtung Erzgrube, wo uns unser Wanderkamerad Willy bereits mit einem Snack erwartet. Gegen 12:30 Uhr fahren wir weiter nach Bad Wildbad, stellen unsere Fahrzeuge im Tal ab und gehen zu Fu\u00df weiter zur Talstation der Sommerbergbahn. Mit der Zahnradbahn geht es dann hinauf zum Sommerberg und danach direkt in den Baumwipfelpfad. Der Baumwipfelpfad, 1250m L\u00e4nge auf 20 m H\u00f6he, ist komplett barrierefrei und f\u00fcr jeden problemlos zu gehen. Der R\u00fcckweg wird genau derselbe sein. So gegen 15:30Uhr planen wir wieder die Talfahrt anzutreten und zur\u00fcck zum Auto zu gehen. Dann trennen sich die Wege von Willy und der Gruppe. Wir fahren Richtung Calw zur\u00fcck nach Poltringen. Den Abschluss k\u00f6nnen wir dann in der Heimat machen.<br \/>\n<\/span><span style=\"font-family: Arial, sans-serif;\">Das Kombiticket des Baumwipfelpfades und der Sommerbergbahn kostet 12 \u20ac (Gruppe ab 10P = 11 \u20ac).<br \/>\n<\/span><span style=\"font-family: Arial, sans-serif;\">Das Fahrgeld 7,50 \u20ac\/Pers. ist direkt mit dem Fahrer abzurechnen.<\/span><\/p>\n<p style=\"text-align: right;\"><span style=\"color: #000000;\">WF: Willy Wagner<\/span><\/p>\n<p><span style=\"color: #000000;\"><strong>H\u00fcttenbetrieb Dienstagstreff<\/strong><br \/>\n<\/span><span style=\"font-family: Arial, sans-serif;\">Am Dienstag, dem 4.8.2015 ist die Palmbergh\u00fctte ab 15:00 Uhr ge\u00f6ffnet.<br \/>\n<\/span><span style=\"color: #000000;\">Die Wirtsleute Monika und Wolfgang Mang sind bereit viele gutgelaunte G\u00e4ste zu bewirten.<\/span><\/p>\n<p style=\"text-align: right;\" align=\"LEFT\"><span style=\"color: #000000;\">Hans Niethammer | Schriftf\u00fchrer<\/span><\/p>\n","protected":false},"excerpt":{"rendered":"<p>Tageswanderung am Sonntag 2. August 2015 Wir treffen uns am Sonntag um 10:00 Uhr beim Rathaus zur Bildung von Fahrgemeinschaften. Zuerst fahren wir Richtung Erzgrube, wo uns unser Wanderkamerad Willy bereits mit einem Snack erwartet. Gegen 12:30 Uhr fahren wir weiter nach Bad Wildbad, stellen unsere Fahrzeuge im Tal ab und gehen zu Fu\u00df weiterContinue reading &rarr;<\/p>\n","protected":false},"author":1,"featured_media":0,"comment_status":"closed","ping_status":"closed","sticky":false,"template":"","format":"standard","meta":{"footnotes":""},"categories":[1],"tags":[],"class_list":["post-1633","post","type-post","status-publish","format-standard","hentry","category-aktuelles","no-thumb"],"_links":{"self":[{"href":"https:\/\/www.hwv-ammerbuch.de\/index.php?rest_route=\/wp\/v2\/posts\/1633","targetHints":{"allow":["GET"]}}],"collection":[{"href":"https:\/\/www.hwv-ammerbuch.de\/index.php?rest_route=\/wp\/v2\/posts"}],"about":[{"href":"https:\/\/www.hwv-ammerbuch.de\/index.php?rest_route=\/wp\/v2\/types\/post"}],"author":[{"embeddable":true,"href":"https:\/\/www.hwv-ammerbuch.de\/index.php?rest_route=\/wp\/v2\/users\/1"}],"replies":[{"embeddable":true,"href":"https:\/\/www.hwv-ammerbuch.de\/index.php?rest_route=%2Fwp%2Fv2%2Fcomments&post=1633"}],"version-history":[{"count":1,"href":"https:\/\/www.hwv-ammerbuch.de\/index.php?rest_route=\/wp\/v2\/posts\/1633\/revisions"}],"predecessor-version":[{"id":1634,"href":"https:\/\/www.hwv-ammerbuch.de\/index.php?rest_route=\/wp\/v2\/posts\/1633\/revisions\/1634"}],"wp:attachment":[{"href":"https:\/\/www.hwv-ammerbuch.de\/index.php?rest_route=%2Fwp%2Fv2%2Fmedia&parent=1633"}],"wp:term":[{"taxonomy":"category","embeddable":true,"href":"https:\/\/www.hwv-ammerbuch.de\/index.php?rest_route=%2Fwp%2Fv2%2Fcategories&post=1633"},{"taxonomy":"post_tag","embeddable":true,"href":"https:\/\/www.hwv-ammerbuch.de\/index.php?rest_route=%2Fwp%2Fv2%2Ftags&post=1633"}],"curies":[{"name":"wp","href":"https:\/\/api.w.org\/{rel}","templated":true}]}}