{"id":1629,"date":"2015-07-20T07:21:23","date_gmt":"2015-07-20T07:21:23","guid":{"rendered":"http:\/\/wp.hwv-ammerbuch.de\/?p=1629"},"modified":"2015-07-20T07:21:23","modified_gmt":"2015-07-20T07:21:23","slug":"1629","status":"publish","type":"post","link":"https:\/\/www.hwv-ammerbuch.de\/?p=1629","title":{"rendered":""},"content":{"rendered":"<p><strong>Tageswanderung am Sonntag 2.August 2015<\/strong><br \/>\nWF: Willy Wagner<\/p>\n<p>Wir werden gemeinsam nach Wildbad fahren und dort vermutlich mit der Sommerbergbahn zum Baumwipfelpfad gelangen. Der Pfad ist ca. 1250 mtr. auf einer H\u00f6he von ca. 20mtr. f\u00fcr jeden Barrierefrei zu laufen. N\u00e4heres im n\u00e4chsten Gemeindeboten und unter: www.baumwipfelpfad-schwarzwald.de. Eintritt incl. Sommerbergbahn 12,00\u20ac.<\/p>\n<p style=\"text-align: right;\">Gerold Sailer |\u00a0Wanderwart<\/p>\n","protected":false},"excerpt":{"rendered":"<p>Tageswanderung am Sonntag 2.August 2015 WF: Willy Wagner Wir werden gemeinsam nach Wildbad fahren und dort vermutlich mit der Sommerbergbahn zum Baumwipfelpfad gelangen. Der Pfad ist ca. 1250 mtr. auf einer H\u00f6he von ca. 20mtr. f\u00fcr jeden Barrierefrei zu laufen. N\u00e4heres im n\u00e4chsten Gemeindeboten und unter: www.baumwipfelpfad-schwarzwald.de. Eintritt incl. Sommerbergbahn 12,00\u20ac. Gerold Sailer |\u00a0Wanderwart<\/p>\n","protected":false},"author":1,"featured_media":0,"comment_status":"closed","ping_status":"closed","sticky":false,"template":"","format":"standard","meta":{"footnotes":""},"categories":[1],"tags":[],"class_list":["post-1629","post","type-post","status-publish","format-standard","hentry","category-aktuelles","no-thumb"],"_links":{"self":[{"href":"https:\/\/www.hwv-ammerbuch.de\/index.php?rest_route=\/wp\/v2\/posts\/1629","targetHints":{"allow":["GET"]}}],"collection":[{"href":"https:\/\/www.hwv-ammerbuch.de\/index.php?rest_route=\/wp\/v2\/posts"}],"about":[{"href":"https:\/\/www.hwv-ammerbuch.de\/index.php?rest_route=\/wp\/v2\/types\/post"}],"author":[{"embeddable":true,"href":"https:\/\/www.hwv-ammerbuch.de\/index.php?rest_route=\/wp\/v2\/users\/1"}],"replies":[{"embeddable":true,"href":"https:\/\/www.hwv-ammerbuch.de\/index.php?rest_route=%2Fwp%2Fv2%2Fcomments&post=1629"}],"version-history":[{"count":1,"href":"https:\/\/www.hwv-ammerbuch.de\/index.php?rest_route=\/wp\/v2\/posts\/1629\/revisions"}],"predecessor-version":[{"id":1630,"href":"https:\/\/www.hwv-ammerbuch.de\/index.php?rest_route=\/wp\/v2\/posts\/1629\/revisions\/1630"}],"wp:attachment":[{"href":"https:\/\/www.hwv-ammerbuch.de\/index.php?rest_route=%2Fwp%2Fv2%2Fmedia&parent=1629"}],"wp:term":[{"taxonomy":"category","embeddable":true,"href":"https:\/\/www.hwv-ammerbuch.de\/index.php?rest_route=%2Fwp%2Fv2%2Fcategories&post=1629"},{"taxonomy":"post_tag","embeddable":true,"href":"https:\/\/www.hwv-ammerbuch.de\/index.php?rest_route=%2Fwp%2Fv2%2Ftags&post=1629"}],"curies":[{"name":"wp","href":"https:\/\/api.w.org\/{rel}","templated":true}]}}