{"id":1586,"date":"2015-06-08T06:45:12","date_gmt":"2015-06-08T06:45:12","guid":{"rendered":"http:\/\/wp.hwv-ammerbuch.de\/?p=1586"},"modified":"2015-06-08T06:45:12","modified_gmt":"2015-06-08T06:45:12","slug":"1586","status":"publish","type":"post","link":"https:\/\/www.hwv-ammerbuch.de\/?p=1586","title":{"rendered":""},"content":{"rendered":"<p><strong>Sonnenwendfeier<\/strong><br \/>\nArbeitseinsatz zur Vorbereitung des Feuers am Donnerstag 18. Juni 2015 ab 17 Uhr auf dem Palmberg. Zuerst Abholung des Maibaumes vom H\u00fclenplatz. Unsere diesj\u00e4hrige Sonnenwendfeier findet am Freitag, dem 19. 6. 2015 auf dem Palmberg statt. Beginn ist um 19 Uhr. Bei Einbruch der Dunkelheit wollen wir einen Fackelzug mit anschlie\u00dfender Entz\u00fcndung des Sonnenwendfeuers starten. Mit gemeinsamem Singen am Feuer wollen wir noch eine Weile gem\u00fctlich beisammen sein. F\u00fcr das leibliche Wohl wird auch gesorgt. Am Samstag ab 9 Uhr Aufr\u00e4umarbeiten.<\/p>\n<p style=\"text-align: right;\">Hans Niethammer | Schriftf\u00fchrer<\/p>\n<p><strong>Wanderung am Sonntag 21.6.2015<\/strong><br \/>\nWir treffen uns um 10 Uhr am Rathaus Poltringen, fahren nach Lustnau und wandern<br \/>\nvon dort \u00fcber das neue Egeria-Areal, die fr\u00fchere Neckartalstra\u00dfe, Pfrondorf, auf einem Panoramaweg zu den Kleindenkmalen im Wald bei Lustnau. Wanderdauer ca. 4 Stunden. Unterwegs gibt es keine Grillm\u00f6glichkeit. Rucksackvesper. Gutes Schuhwerk ist angebracht.<br \/>\nGastwanderer sind herzlich willkommen. Eine Abschlusseinkehr ist vorgesehen.<\/p>\n<p style=\"text-align: right;\">Wanderf\u00fchrer Hans Roming<\/p>\n","protected":false},"excerpt":{"rendered":"<p>Sonnenwendfeier Arbeitseinsatz zur Vorbereitung des Feuers am Donnerstag 18. Juni 2015 ab 17 Uhr auf dem Palmberg. Zuerst Abholung des Maibaumes vom H\u00fclenplatz. Unsere diesj\u00e4hrige Sonnenwendfeier findet am Freitag, dem 19. 6. 2015 auf dem Palmberg statt. Beginn ist um 19 Uhr. Bei Einbruch der Dunkelheit wollen wir einen Fackelzug mit anschlie\u00dfender Entz\u00fcndung des SonnenwendfeuersContinue reading &rarr;<\/p>\n","protected":false},"author":1,"featured_media":0,"comment_status":"closed","ping_status":"closed","sticky":false,"template":"","format":"standard","meta":{"footnotes":""},"categories":[1],"tags":[],"class_list":["post-1586","post","type-post","status-publish","format-standard","hentry","category-aktuelles","no-thumb"],"_links":{"self":[{"href":"https:\/\/www.hwv-ammerbuch.de\/index.php?rest_route=\/wp\/v2\/posts\/1586","targetHints":{"allow":["GET"]}}],"collection":[{"href":"https:\/\/www.hwv-ammerbuch.de\/index.php?rest_route=\/wp\/v2\/posts"}],"about":[{"href":"https:\/\/www.hwv-ammerbuch.de\/index.php?rest_route=\/wp\/v2\/types\/post"}],"author":[{"embeddable":true,"href":"https:\/\/www.hwv-ammerbuch.de\/index.php?rest_route=\/wp\/v2\/users\/1"}],"replies":[{"embeddable":true,"href":"https:\/\/www.hwv-ammerbuch.de\/index.php?rest_route=%2Fwp%2Fv2%2Fcomments&post=1586"}],"version-history":[{"count":1,"href":"https:\/\/www.hwv-ammerbuch.de\/index.php?rest_route=\/wp\/v2\/posts\/1586\/revisions"}],"predecessor-version":[{"id":1587,"href":"https:\/\/www.hwv-ammerbuch.de\/index.php?rest_route=\/wp\/v2\/posts\/1586\/revisions\/1587"}],"wp:attachment":[{"href":"https:\/\/www.hwv-ammerbuch.de\/index.php?rest_route=%2Fwp%2Fv2%2Fmedia&parent=1586"}],"wp:term":[{"taxonomy":"category","embeddable":true,"href":"https:\/\/www.hwv-ammerbuch.de\/index.php?rest_route=%2Fwp%2Fv2%2Fcategories&post=1586"},{"taxonomy":"post_tag","embeddable":true,"href":"https:\/\/www.hwv-ammerbuch.de\/index.php?rest_route=%2Fwp%2Fv2%2Ftags&post=1586"}],"curies":[{"name":"wp","href":"https:\/\/api.w.org\/{rel}","templated":true}]}}