{"id":1545,"date":"2015-02-19T08:53:43","date_gmt":"2015-02-19T08:53:43","guid":{"rendered":"http:\/\/wp.hwv-ammerbuch.de\/?p=1545"},"modified":"2015-02-19T08:53:43","modified_gmt":"2015-02-19T08:53:43","slug":"1545","status":"publish","type":"post","link":"https:\/\/www.hwv-ammerbuch.de\/?p=1545","title":{"rendered":""},"content":{"rendered":"<h1><strong>Einladung zur Jahreshauptversammlung<\/strong><\/h1>\n<p><strong>Am Freitag 06.03.2015<\/strong><br \/>\n<strong>in der Palmbergh\u00fctte Poltringen<\/strong><br \/>\n<strong>Beginn: 20:00 Uhr<\/strong><br \/>\n<strong>Tagesordnung:<\/strong><\/p>\n<ol>\n<li>Begr\u00fc\u00dfung durch die 1. Vorsitzende und Bericht<\/li>\n<li>Bericht der Kassiererin<\/li>\n<li>Bericht der Kassenpr\u00fcferinnen<\/li>\n<li>Bericht des Schriftf\u00fchrers<\/li>\n<li>Bericht des H\u00fcttenwartes<\/li>\n<li>Bericht der Kulturwartin<\/li>\n<li>Bericht des Platzwartes<\/li>\n<li>Bericht des Wanderwartes<\/li>\n<li>Entlastungen<\/li>\n<li>Ehrungen<\/li>\n<li>&#8211;Pause&#8211;<\/li>\n<li>\u00a0Neuwahlen<\/li>\n<li>\u00a0Antr\u00e4ge\/Verschiedenes<\/li>\n<\/ol>\n<p>Antr\u00e4ge zur Tagesordnung sind bis sp\u00e4testens 28.2.2015 an die 1. Vorsitzende Margot Sailer zu richten.<\/p>\n<p style=\"text-align: right;\"><em>Hans Niethammer | Schriftf\u00fchrer<\/em><\/p>\n","protected":false},"excerpt":{"rendered":"<p>Einladung zur Jahreshauptversammlung Am Freitag 06.03.2015 in der Palmbergh\u00fctte Poltringen Beginn: 20:00 Uhr Tagesordnung: Begr\u00fc\u00dfung durch die 1. Vorsitzende und Bericht Bericht der Kassiererin Bericht der Kassenpr\u00fcferinnen Bericht des Schriftf\u00fchrers Bericht des H\u00fcttenwartes Bericht der Kulturwartin Bericht des Platzwartes Bericht des Wanderwartes Entlastungen Ehrungen &#8211;Pause&#8211; \u00a0Neuwahlen \u00a0Antr\u00e4ge\/Verschiedenes Antr\u00e4ge zur Tagesordnung sind bis sp\u00e4testens 28.2.2015 anContinue reading &rarr;<\/p>\n","protected":false},"author":1,"featured_media":0,"comment_status":"closed","ping_status":"closed","sticky":false,"template":"","format":"standard","meta":{"footnotes":""},"categories":[1],"tags":[],"class_list":["post-1545","post","type-post","status-publish","format-standard","hentry","category-aktuelles","no-thumb"],"_links":{"self":[{"href":"https:\/\/www.hwv-ammerbuch.de\/index.php?rest_route=\/wp\/v2\/posts\/1545","targetHints":{"allow":["GET"]}}],"collection":[{"href":"https:\/\/www.hwv-ammerbuch.de\/index.php?rest_route=\/wp\/v2\/posts"}],"about":[{"href":"https:\/\/www.hwv-ammerbuch.de\/index.php?rest_route=\/wp\/v2\/types\/post"}],"author":[{"embeddable":true,"href":"https:\/\/www.hwv-ammerbuch.de\/index.php?rest_route=\/wp\/v2\/users\/1"}],"replies":[{"embeddable":true,"href":"https:\/\/www.hwv-ammerbuch.de\/index.php?rest_route=%2Fwp%2Fv2%2Fcomments&post=1545"}],"version-history":[{"count":1,"href":"https:\/\/www.hwv-ammerbuch.de\/index.php?rest_route=\/wp\/v2\/posts\/1545\/revisions"}],"predecessor-version":[{"id":1546,"href":"https:\/\/www.hwv-ammerbuch.de\/index.php?rest_route=\/wp\/v2\/posts\/1545\/revisions\/1546"}],"wp:attachment":[{"href":"https:\/\/www.hwv-ammerbuch.de\/index.php?rest_route=%2Fwp%2Fv2%2Fmedia&parent=1545"}],"wp:term":[{"taxonomy":"category","embeddable":true,"href":"https:\/\/www.hwv-ammerbuch.de\/index.php?rest_route=%2Fwp%2Fv2%2Fcategories&post=1545"},{"taxonomy":"post_tag","embeddable":true,"href":"https:\/\/www.hwv-ammerbuch.de\/index.php?rest_route=%2Fwp%2Fv2%2Ftags&post=1545"}],"curies":[{"name":"wp","href":"https:\/\/api.w.org\/{rel}","templated":true}]}}