{"id":1540,"date":"2015-01-28T11:51:28","date_gmt":"2015-01-28T11:51:28","guid":{"rendered":"http:\/\/wp.hwv-ammerbuch.de\/?p=1540"},"modified":"2015-01-28T11:51:28","modified_gmt":"2015-01-28T11:51:28","slug":"1540","status":"publish","type":"post","link":"https:\/\/www.hwv-ammerbuch.de\/?p=1540","title":{"rendered":""},"content":{"rendered":"<p><strong>H\u00fcttenbetrieb Dienstagstreff<\/strong><br \/>\nAm Dienstag, 03.02.2015 ist die Palmbergh\u00fctte ab 15:00 Uhr ge\u00f6ffnet. Die Wirtsleute Monika und Wolfgang Mang sind bereit viele gut gelaunte G\u00e4ste zu bewirten.<\/p>\n<p><strong>Einladung PFC Zunftkapelle<\/strong><br \/>\nWir wurden zum 45-j\u00e4hrigen Jubil\u00e4um der Zunftkapelle des PFC am 13.02.2015 in die PFC Halle eingeladen. Angemeldete Gruppen haben freien Eintritt. Bitte um Anmeldung bei Margot Sailer Tel. 07073\/2127 bis sp\u00e4testens 03.02.2015.<\/p>\n<p><strong>Bitte vormerken<\/strong><br \/>\nAm Samstag, 07.02.2015, Standaufbau f\u00fcr PFC Umzug am 08.02.2015. N\u00e4heres in einer Woche an diesem Platz.<\/p>\n<p style=\"text-align: right;\"><em>Hans Niethammer | Schriftf\u00fchrer<\/em><\/p>\n","protected":false},"excerpt":{"rendered":"<p>H\u00fcttenbetrieb Dienstagstreff Am Dienstag, 03.02.2015 ist die Palmbergh\u00fctte ab 15:00 Uhr ge\u00f6ffnet. Die Wirtsleute Monika und Wolfgang Mang sind bereit viele gut gelaunte G\u00e4ste zu bewirten. Einladung PFC Zunftkapelle Wir wurden zum 45-j\u00e4hrigen Jubil\u00e4um der Zunftkapelle des PFC am 13.02.2015 in die PFC Halle eingeladen. Angemeldete Gruppen haben freien Eintritt. Bitte um Anmeldung bei MargotContinue reading &rarr;<\/p>\n","protected":false},"author":1,"featured_media":0,"comment_status":"closed","ping_status":"closed","sticky":false,"template":"","format":"standard","meta":{"footnotes":""},"categories":[1],"tags":[],"class_list":["post-1540","post","type-post","status-publish","format-standard","hentry","category-aktuelles","no-thumb"],"_links":{"self":[{"href":"https:\/\/www.hwv-ammerbuch.de\/index.php?rest_route=\/wp\/v2\/posts\/1540","targetHints":{"allow":["GET"]}}],"collection":[{"href":"https:\/\/www.hwv-ammerbuch.de\/index.php?rest_route=\/wp\/v2\/posts"}],"about":[{"href":"https:\/\/www.hwv-ammerbuch.de\/index.php?rest_route=\/wp\/v2\/types\/post"}],"author":[{"embeddable":true,"href":"https:\/\/www.hwv-ammerbuch.de\/index.php?rest_route=\/wp\/v2\/users\/1"}],"replies":[{"embeddable":true,"href":"https:\/\/www.hwv-ammerbuch.de\/index.php?rest_route=%2Fwp%2Fv2%2Fcomments&post=1540"}],"version-history":[{"count":1,"href":"https:\/\/www.hwv-ammerbuch.de\/index.php?rest_route=\/wp\/v2\/posts\/1540\/revisions"}],"predecessor-version":[{"id":1541,"href":"https:\/\/www.hwv-ammerbuch.de\/index.php?rest_route=\/wp\/v2\/posts\/1540\/revisions\/1541"}],"wp:attachment":[{"href":"https:\/\/www.hwv-ammerbuch.de\/index.php?rest_route=%2Fwp%2Fv2%2Fmedia&parent=1540"}],"wp:term":[{"taxonomy":"category","embeddable":true,"href":"https:\/\/www.hwv-ammerbuch.de\/index.php?rest_route=%2Fwp%2Fv2%2Fcategories&post=1540"},{"taxonomy":"post_tag","embeddable":true,"href":"https:\/\/www.hwv-ammerbuch.de\/index.php?rest_route=%2Fwp%2Fv2%2Ftags&post=1540"}],"curies":[{"name":"wp","href":"https:\/\/api.w.org\/{rel}","templated":true}]}}