{"id":1442,"date":"2014-11-26T13:56:02","date_gmt":"2014-11-26T11:56:02","guid":{"rendered":"http:\/\/hwvammerbuch.wordpress.com\/?p=1375"},"modified":"2014-11-26T13:56:02","modified_gmt":"2014-11-26T11:56:02","slug":"vereinsnachrichten-woche-48-3","status":"publish","type":"post","link":"https:\/\/www.hwv-ammerbuch.de\/?p=1442","title":{"rendered":"Vereinsnachrichten Woche 48"},"content":{"rendered":"<p><strong>Nachtwanderung<\/strong><br \/>\nAus organisatorischen Gr\u00fcnden muss unsere diesj\u00e4hrige Nachtwanderung auf Freitag 12. Dezember 2014 verschoben werden. Abmarsch um17:00 Uhr. N\u00e4heres in einer Woche an dieser Stelle.<\/p>\n<p><strong>Arbeitseinsatz<\/strong><br \/>\nEinige wenige Mitglieder haben unter tatkr\u00e4ftiger und fachlicher Hilfe von Mitarbeitern und Maschinen der Fa. Garten Beck einen Teil des Parkplatzes renoviert. Dort kann man jetzt auch bei widrigen Wetterverh\u00e4ltnissen ohne Rutschpartie parken. Vielen Dank an die beteiligten Helferinnen und Helfer.<\/p>\n<p style=\"text-align:right;\">Hans Niethammer | Schriftf\u00fchrer<\/p>\n","protected":false},"excerpt":{"rendered":"<p>Nachtwanderung Aus organisatorischen Gr\u00fcnden muss unsere diesj\u00e4hrige Nachtwanderung auf Freitag 12. Dezember 2014 verschoben werden. Abmarsch um17:00 Uhr. N\u00e4heres in einer Woche an dieser Stelle. Arbeitseinsatz Einige wenige Mitglieder haben unter tatkr\u00e4ftiger und fachlicher Hilfe von Mitarbeitern und Maschinen der Fa. Garten Beck einen Teil des Parkplatzes renoviert. Dort kann man jetzt auch bei widrigenContinue reading &rarr;<\/p>\n","protected":false},"author":1,"featured_media":0,"comment_status":"closed","ping_status":"open","sticky":false,"template":"","format":"standard","meta":{"footnotes":""},"categories":[1],"tags":[],"class_list":["post-1442","post","type-post","status-publish","format-standard","hentry","category-aktuelles","no-thumb"],"_links":{"self":[{"href":"https:\/\/www.hwv-ammerbuch.de\/index.php?rest_route=\/wp\/v2\/posts\/1442","targetHints":{"allow":["GET"]}}],"collection":[{"href":"https:\/\/www.hwv-ammerbuch.de\/index.php?rest_route=\/wp\/v2\/posts"}],"about":[{"href":"https:\/\/www.hwv-ammerbuch.de\/index.php?rest_route=\/wp\/v2\/types\/post"}],"author":[{"embeddable":true,"href":"https:\/\/www.hwv-ammerbuch.de\/index.php?rest_route=\/wp\/v2\/users\/1"}],"replies":[{"embeddable":true,"href":"https:\/\/www.hwv-ammerbuch.de\/index.php?rest_route=%2Fwp%2Fv2%2Fcomments&post=1442"}],"version-history":[{"count":0,"href":"https:\/\/www.hwv-ammerbuch.de\/index.php?rest_route=\/wp\/v2\/posts\/1442\/revisions"}],"wp:attachment":[{"href":"https:\/\/www.hwv-ammerbuch.de\/index.php?rest_route=%2Fwp%2Fv2%2Fmedia&parent=1442"}],"wp:term":[{"taxonomy":"category","embeddable":true,"href":"https:\/\/www.hwv-ammerbuch.de\/index.php?rest_route=%2Fwp%2Fv2%2Fcategories&post=1442"},{"taxonomy":"post_tag","embeddable":true,"href":"https:\/\/www.hwv-ammerbuch.de\/index.php?rest_route=%2Fwp%2Fv2%2Ftags&post=1442"}],"curies":[{"name":"wp","href":"https:\/\/api.w.org\/{rel}","templated":true}]}}