{"id":1439,"date":"2014-11-21T11:00:59","date_gmt":"2014-11-21T09:00:59","guid":{"rendered":"http:\/\/hwvammerbuch.wordpress.com\/?p=1351"},"modified":"2014-11-21T11:00:59","modified_gmt":"2014-11-21T09:00:59","slug":"vereinsnachrichten-woche-47-3","status":"publish","type":"post","link":"https:\/\/www.hwv-ammerbuch.de\/?p=1439","title":{"rendered":"Vereinsnachrichten Woche 47"},"content":{"rendered":"<p><strong>Nachlese zur Wanderung vom 19. Oktober 2014<\/strong><br \/>\nBei ausgesprochenem Bilderbuchwetter haben sich am 19. Oktober eine \u00fcberraschend gro\u00dfe Zahl von 21 Wanderfreunden zur gef\u00fchrten Bergrutsch-Wanderung nach M\u00f6ssingen getroffen. Herr Armin Dieter \u2013 Bergrutschf\u00fchrer hat uns auch nicht entt\u00e4uscht, denn seine Erkl\u00e4rungen \u00fcber das Geschehen der Schw\u00e4bischen Alb und dem Jahrhundert Erlebnis, waren so interessant und ausgiebig, dass unsere Erwartungen \u00fcberaus erf\u00fcllt wurden. Da Herr Dieter auf mehrere Stellen an denen in j\u00fcngster Zeit Bergrutsche stattfanden einging, war es dann selbstverst\u00e4ndlich, dass wir im Anschluss noch einen Abstecher nach \u00d6schingen machten um uns dort vor Augen zu f\u00fchren, was der Erdrutsch im Juni 2013 hinterlassen hat. Danach wurden wir im Gasthaus Lamm in M\u00f6ssingen zur Einkehr erwartet und alle waren sich einig, das war ein gelungener Tag mit tiefgehenden Eindr\u00fccken.<\/p>\n<p style=\"text-align:right;\"><em>Wanderf\u00fchrerin | Margarete Sailer<\/em><\/p>\n<p><strong>Arbeitseins\u00e4tze<\/strong><br \/>\nAm Freitag 21.11.2014 ab 13:30 Uhr wird auf unserem Vereinsgel\u00e4nde schweres Erdbearbeitungsger\u00e4t anfahren um die Renovierung des Parkplatzes wie geplant auszuf\u00fchren. Zur fachgerechten Ausf\u00fchrung durch die Firma Garten Beck sind dringend einige Helfer notwendig. Wenn m\u00f6glich Spaten und Schaufel mitbringen. Am Samstag 22.11.2014 ab 7:30 Uhr bringen wir die Restarbeiten zu ende.<\/p>\n<p><strong>H\u00fcttenbetrieb Dienstagstreff<\/strong><br \/>\nAm Dienstag, dem 25.11.2014 ist die Palmbergh\u00fctte ab 15:00 Uhr ge\u00f6ffnet.<br \/>\nDie Wirtsleute Monika und Wolfgang Mang sind bereit viele gutgelaunte G\u00e4ste zu bewirten.<\/p>\n<p style=\"text-align:right;\"><em>Hans Niethammer | Schriftf\u00fchrer<\/em><\/p>\n","protected":false},"excerpt":{"rendered":"<p>Nachlese zur Wanderung vom 19. Oktober 2014 Bei ausgesprochenem Bilderbuchwetter haben sich am 19. Oktober eine \u00fcberraschend gro\u00dfe Zahl von 21 Wanderfreunden zur gef\u00fchrten Bergrutsch-Wanderung nach M\u00f6ssingen getroffen. Herr Armin Dieter \u2013 Bergrutschf\u00fchrer hat uns auch nicht entt\u00e4uscht, denn seine Erkl\u00e4rungen \u00fcber das Geschehen der Schw\u00e4bischen Alb und dem Jahrhundert Erlebnis, waren so interessant undContinue reading &rarr;<\/p>\n","protected":false},"author":1,"featured_media":0,"comment_status":"closed","ping_status":"open","sticky":false,"template":"","format":"standard","meta":{"footnotes":""},"categories":[1],"tags":[],"class_list":["post-1439","post","type-post","status-publish","format-standard","hentry","category-aktuelles","no-thumb"],"_links":{"self":[{"href":"https:\/\/www.hwv-ammerbuch.de\/index.php?rest_route=\/wp\/v2\/posts\/1439","targetHints":{"allow":["GET"]}}],"collection":[{"href":"https:\/\/www.hwv-ammerbuch.de\/index.php?rest_route=\/wp\/v2\/posts"}],"about":[{"href":"https:\/\/www.hwv-ammerbuch.de\/index.php?rest_route=\/wp\/v2\/types\/post"}],"author":[{"embeddable":true,"href":"https:\/\/www.hwv-ammerbuch.de\/index.php?rest_route=\/wp\/v2\/users\/1"}],"replies":[{"embeddable":true,"href":"https:\/\/www.hwv-ammerbuch.de\/index.php?rest_route=%2Fwp%2Fv2%2Fcomments&post=1439"}],"version-history":[{"count":0,"href":"https:\/\/www.hwv-ammerbuch.de\/index.php?rest_route=\/wp\/v2\/posts\/1439\/revisions"}],"wp:attachment":[{"href":"https:\/\/www.hwv-ammerbuch.de\/index.php?rest_route=%2Fwp%2Fv2%2Fmedia&parent=1439"}],"wp:term":[{"taxonomy":"category","embeddable":true,"href":"https:\/\/www.hwv-ammerbuch.de\/index.php?rest_route=%2Fwp%2Fv2%2Fcategories&post=1439"},{"taxonomy":"post_tag","embeddable":true,"href":"https:\/\/www.hwv-ammerbuch.de\/index.php?rest_route=%2Fwp%2Fv2%2Ftags&post=1439"}],"curies":[{"name":"wp","href":"https:\/\/api.w.org\/{rel}","templated":true}]}}