{"id":1438,"date":"2014-11-11T13:40:04","date_gmt":"2014-11-11T11:40:04","guid":{"rendered":"http:\/\/hwvammerbuch.wordpress.com\/?p=1349"},"modified":"2014-11-11T13:40:04","modified_gmt":"2014-11-11T11:40:04","slug":"vereinsnachrichten-woche-46-3","status":"publish","type":"post","link":"https:\/\/www.hwv-ammerbuch.de\/?p=1438","title":{"rendered":"Vereinsnachrichten Woche 46"},"content":{"rendered":"<p>Bazar in der Palmbergh\u00fctte<br \/>\nAm Sonntag, 16.11.2014 ab 11:00 Uhr startet unser 3. Bazar in der Palmbergh\u00fctte. Die Teilnehmerinnen vom \u201eStricknachmittag\u201c haben nun nach harter Arbeit mit Nadeln, Wolle und Faden so einiges gezaubert das nun zum Verkauf angeboten werden soll. Es werden Strick- und H\u00e4kelwaren nebst Patchwork und weihnachtlichen Dekoartikeln angeboten. F\u00fcr das leibliche Wohl bieten wir Wei\u00dfwurst mit Brezel und nachmittags Kaffee und Kuchen an. F\u00fcr musikalische Unterhaltung sorgt Emmerich mit live Musik.<\/p>\n","protected":false},"excerpt":{"rendered":"<p>Bazar in der Palmbergh\u00fctte Am Sonntag, 16.11.2014 ab 11:00 Uhr startet unser 3. Bazar in der Palmbergh\u00fctte. Die Teilnehmerinnen vom \u201eStricknachmittag\u201c haben nun nach harter Arbeit mit Nadeln, Wolle und Faden so einiges gezaubert das nun zum Verkauf angeboten werden soll. Es werden Strick- und H\u00e4kelwaren nebst Patchwork und weihnachtlichen Dekoartikeln angeboten. F\u00fcr das leiblicheContinue reading &rarr;<\/p>\n","protected":false},"author":1,"featured_media":0,"comment_status":"closed","ping_status":"open","sticky":false,"template":"","format":"standard","meta":{"footnotes":""},"categories":[1],"tags":[],"class_list":["post-1438","post","type-post","status-publish","format-standard","hentry","category-aktuelles","no-thumb"],"_links":{"self":[{"href":"https:\/\/www.hwv-ammerbuch.de\/index.php?rest_route=\/wp\/v2\/posts\/1438","targetHints":{"allow":["GET"]}}],"collection":[{"href":"https:\/\/www.hwv-ammerbuch.de\/index.php?rest_route=\/wp\/v2\/posts"}],"about":[{"href":"https:\/\/www.hwv-ammerbuch.de\/index.php?rest_route=\/wp\/v2\/types\/post"}],"author":[{"embeddable":true,"href":"https:\/\/www.hwv-ammerbuch.de\/index.php?rest_route=\/wp\/v2\/users\/1"}],"replies":[{"embeddable":true,"href":"https:\/\/www.hwv-ammerbuch.de\/index.php?rest_route=%2Fwp%2Fv2%2Fcomments&post=1438"}],"version-history":[{"count":0,"href":"https:\/\/www.hwv-ammerbuch.de\/index.php?rest_route=\/wp\/v2\/posts\/1438\/revisions"}],"wp:attachment":[{"href":"https:\/\/www.hwv-ammerbuch.de\/index.php?rest_route=%2Fwp%2Fv2%2Fmedia&parent=1438"}],"wp:term":[{"taxonomy":"category","embeddable":true,"href":"https:\/\/www.hwv-ammerbuch.de\/index.php?rest_route=%2Fwp%2Fv2%2Fcategories&post=1438"},{"taxonomy":"post_tag","embeddable":true,"href":"https:\/\/www.hwv-ammerbuch.de\/index.php?rest_route=%2Fwp%2Fv2%2Ftags&post=1438"}],"curies":[{"name":"wp","href":"https:\/\/api.w.org\/{rel}","templated":true}]}}